{"id":38314,"date":"1999-09-14T00:01:21","date_gmt":"1999-09-13T22:01:21","guid":{"rendered":"http:\/\/www.editiondaslabor.de\/blog\/?p=38314"},"modified":"2021-12-07T18:58:34","modified_gmt":"2021-12-07T17:58:34","slug":"guter-rat","status":"publish","type":"post","link":"http:\/\/www.editiondaslabor.de\/blog\/1999\/09\/14\/guter-rat\/","title":{"rendered":"GUTER RAT"},"content":{"rendered":"<p>&nbsp;<\/p>\n<p style=\"text-align: justify;\">ich suche eine beratungsstelle auf, weil ich nicht l\u00e4nger als mensch leben m\u00f6chte. ich er\u00f6ffne dem anwesenden psychologen meinen wunsch, und da\u00df ich mich erkundigen wolle, in welches tier ich am besten verwandelt werden k\u00f6nnte. der mann schaut mich sichtbar verwundert an, bleibt dennoch v\u00f6llig ruhig und versichert mir nach kurzem \u00fcberlegen, er kenne keinen derartigen fall. jeder fall w\u00e4re irgendwann der erste, entgegne ich. gewi\u00df, meint er, so etwas allerdings halte er denn doch f\u00fcr ausgeschlossen. ich ermahne ihn, er solle wenigstens seine fachlekt\u00fcre konsultieren. darin w\u00fcrde er kaum entsprechendes finden, erwidert er. das sei ein armutszeugnis, versetze ich. und er antwortet, jetzt abweisend, dann t\u00e4te es ihm leid. daraufhin drehe ich mich um und will mit den worten, hier werde einem eben nirgendwo geholfen, die praxis verlassen. kurz bevor ich die t\u00fcr erreicht habe, ruft er mich zur\u00fcck und erkl\u00e4rt, er wisse zwar nicht, ob mir dies helfe, aber vielleicht sollte ich einfach mal meinen totensch\u00e4del l\u00fcften, ihn mit erde f\u00fcllen und blumen oder andere pflanzen daraus wachsen lassen. das w\u00e4r zumindest vegetativ und ebenfalls eine transformation. meinen totensch\u00e4del? frage ich mi\u00dftrauisch, wie wenn ich nicht recht verstanden h\u00e4tte. ja sicher, ermutigt er mich. da begreife ich schlagartig alles und sage: genau. das ist die l\u00f6sung. ich danke ihnen.<\/p>\n<p>&nbsp;<\/p>\n<p align=\"center\">***<\/p>\n<p style=\"text-align: justify;\">traumnotat aus <strong>reise im flug<\/strong>, von Holger Benkel, Verlag blaue \u00c4pfel, Magdeburg 1995<\/p>\n<p><b><img loading=\"lazy\" decoding=\"async\" class=\"alignleft wp-image-49456 size-medium\" src=\"http:\/\/www.editiondaslabor.de\/blog\/wp-content\/uploads\/2019\/08\/Goya-198x300.jpg\" alt=\"\" width=\"198\" height=\"300\" srcset=\"http:\/\/www.editiondaslabor.de\/blog\/wp-content\/uploads\/2019\/08\/Goya-198x300.jpg 198w, http:\/\/www.editiondaslabor.de\/blog\/wp-content\/uploads\/2019\/08\/Goya.jpg 330w\" sizes=\"auto, (max-width: 198px) 100vw, 198px\" \/>Weiterf\u00fchrend <\/b><b>\u2192<\/b><\/p>\n<p>&nbsp;<\/p>\n<p style=\"text-align: justify;\">In einem <a href=\"http:\/\/www.editiondaslabor.de\/blog\/?p=29373\">Kollegengespr\u00e4ch<\/a> ergr\u00fcndeln Holger Benkel und A.J. Weigoni das Wesen der Poesie &#8211; und ihr allm\u00e4hliches Verschwinden. Das erste Kollegengespr\u00e4ch zwischen Holger Benkel und Weigoni finden Sie <a href=\"http:\/\/www.editiondaslabor.de\/blog\/?p=29373\">hier<\/a>.<\/p>\n<p style=\"text-align: justify;\"><strong>kindheit und kadaver<\/strong>, Gedichte von Holger Benkel, mit Radierungen von Jens Eigner. Verlag Blaue \u00c4pfel, Magdeburg 1995. Eine Rezension des ersten Gedichtbandes von Holger Benkel finden Sie<a href=\"http:\/\/www.editiondaslabor.de\/blog\/?p=6898\"> hier<\/a>.<\/p>\n<p style=\"text-align: justify;\"><strong>mei\u00dfelbrut<\/strong>,\u00a0Gedichte von Holger Benkel, mit siebzehn Holzschnitten von Sabine Kunz und einem Nachwort von Volker Drube, Dr. Ziethen Verlag, Oschersleben 2009. Eine Rezension finden Sie <a href=\"http:\/\/www.editiondaslabor.de\/blog\/?p=12769\">hier<\/a>.<\/p>\n<p style=\"text-align: justify;\"><strong>Gedanken, die um Ecken biegen<\/strong>, Aphorismen von Holger Benkel, <a href=\"http:\/\/www.editiondaslabor.de\/\">Edition Das Labor<\/a>, M\u00fclheim 2013<\/p>\n<p style=\"text-align: justify;\"><b>Essays<\/b> von Holger Benkel, Edition Das Labor 2014 \u2013 Einen Hinweis auf die in der Edition Das Labor erschienen Essays finden Sie <a href=\"http:\/\/www.editiondaslabor.de\/blog\/?p=21478\">hier<\/a>.\u00a0Auf KUNO portr\u00e4tierte Holger Benkel die <a href=\"http:\/\/www.editiondaslabor.de\/blog\/?p=11282\">Br\u00fcder Grimm<\/a>, <a href=\"http:\/\/www.editiondaslabor.de\/blog\/?p=6837\">Ulrich Bergmann<\/a>, <a href=\"http:\/\/www.editiondaslabor.de\/blog\/?p=11284\">A.J. Weigoni<\/a>, <a href=\"http:\/\/www.editiondaslabor.de\/blog\/?p=11279\">Uwe Albert<\/a>, <a href=\"http:\/\/www.editiondaslabor.de\/blog\/?p=15175\">Andr\u00e9 Schinkel<\/a>, <a href=\"http:\/\/www.editiondaslabor.de\/blog\/?p=15177\">Birgitt Lieberwirth<\/a> und <a href=\"http:\/\/www.editiondaslabor.de\/blog\/?p=15179\">Sabine Kunz<\/a>.<\/p>\n<p>&nbsp;<\/p>\n","protected":false},"excerpt":{"rendered":"<p>&nbsp; ich suche eine beratungsstelle auf, weil ich nicht l\u00e4nger als mensch leben m\u00f6chte. ich er\u00f6ffne dem anwesenden psychologen meinen wunsch, und da\u00df ich mich erkundigen wolle, in welches tier ich am besten verwandelt werden k\u00f6nnte. der mann schaut mich&hellip;<\/p>\n<p class=\"more-link-p\"><a class=\"more-link\" href=\"http:\/\/www.editiondaslabor.de\/blog\/1999\/09\/14\/guter-rat\/\">Read more &rarr;<\/a><\/p>\n","protected":false},"author":36,"featured_media":49456,"comment_status":"closed","ping_status":"open","sticky":false,"template":"","format":"standard","meta":{"footnotes":""},"categories":[1],"tags":[94],"class_list":["post-38314","post","type-post","status-publish","format-standard","has-post-thumbnail","hentry","category-literatur","tag-holger-benkel"],"_links":{"self":[{"href":"http:\/\/www.editiondaslabor.de\/blog\/wp-json\/wp\/v2\/posts\/38314","targetHints":{"allow":["GET"]}}],"collection":[{"href":"http:\/\/www.editiondaslabor.de\/blog\/wp-json\/wp\/v2\/posts"}],"about":[{"href":"http:\/\/www.editiondaslabor.de\/blog\/wp-json\/wp\/v2\/types\/post"}],"author":[{"embeddable":true,"href":"http:\/\/www.editiondaslabor.de\/blog\/wp-json\/wp\/v2\/users\/36"}],"replies":[{"embeddable":true,"href":"http:\/\/www.editiondaslabor.de\/blog\/wp-json\/wp\/v2\/comments?post=38314"}],"version-history":[{"count":0,"href":"http:\/\/www.editiondaslabor.de\/blog\/wp-json\/wp\/v2\/posts\/38314\/revisions"}],"wp:featuredmedia":[{"embeddable":true,"href":"http:\/\/www.editiondaslabor.de\/blog\/wp-json\/"}],"wp:attachment":[{"href":"http:\/\/www.editiondaslabor.de\/blog\/wp-json\/wp\/v2\/media?parent=38314"}],"wp:term":[{"taxonomy":"category","embeddable":true,"href":"http:\/\/www.editiondaslabor.de\/blog\/wp-json\/wp\/v2\/categories?post=38314"},{"taxonomy":"post_tag","embeddable":true,"href":"http:\/\/www.editiondaslabor.de\/blog\/wp-json\/wp\/v2\/tags?post=38314"}],"curies":[{"name":"wp","href":"https:\/\/api.w.org\/{rel}","templated":true}]}}