{"id":38286,"date":"1996-11-14T00:01:55","date_gmt":"1996-11-13T23:01:55","guid":{"rendered":"http:\/\/www.editiondaslabor.de\/blog\/?p=38286"},"modified":"2021-12-07T19:14:06","modified_gmt":"2021-12-07T18:14:06","slug":"eisland","status":"publish","type":"post","link":"http:\/\/www.editiondaslabor.de\/blog\/1996\/11\/14\/eisland\/","title":{"rendered":"EISLAND"},"content":{"rendered":"<p>&nbsp;<\/p>\n<p style=\"text-align: justify;\">ich stehe auf einer eisfl\u00e4che. unter mir liegen blaugrau geborstene schollen, die ineinander verkeilt sind. an anderen stellen gl\u00e4nzt das eis durchsichtig wie glas. ich \u00fcberlege, welcher zustand gef\u00e4hrlicher ist. da erblicke ich einen riesen, der mir von einem gletscherberg herab entgegenkommt. ich kauere mich hinter ein verdorrtes gestr\u00e4uch, dessen \u00e4ste steifgefroren mein gesicht ber\u00fchren. der riese wirft eisst\u00fccke und steinbrocken nach mir, die mich jedoch verfehlen und statt mir das eis durchschlagen, so da\u00df \u00fcberall um mich herum wasserl\u00f6cher aufrei\u00dfen.<\/p>\n<p style=\"text-align: justify;\">ich laufe davon und sp\u00fcre, wie auf meinem gesicht hunderte winzige blasen aufplatzen und eine milchige fl\u00fcssigkeit ausstr\u00f6mt, die pflanzensaft \u00e4hnelt. ich fliehe weiter und das knirschen der eisschicht unter meinen f\u00fc\u00dfen vermischt sich mit dem dumpfen ton der schritte des riesen, der aufgrund seines gewichts nur m\u00fchsam vorankommt und mich dennoch fortgesetzt verfolgt und nach mir wirft.<\/p>\n<p style=\"text-align: justify;\">ich bemerke, da\u00df kalkfarbene hautfetzen von meinem gesicht abplatzen und offene, por\u00f6se stellen zur\u00fccklassen. ich taumle ins halbdunkel des eintretenden abends. ich sto\u00dfe gegen einen baumstumpf, der schroff in der landschaft aufragt. ich halte mich daran fest und lege meine hand darauf. da w\u00e4chst eine frauengestalt mit schneewei\u00dfem gesicht und goldgelben locken daraus hervor, erhebt ihre arme ausgreifend zum himmel, wo sofort, hell wie ein wasser oder leib, der volle mond aufscheint, dessen licht meine haut wieder gl\u00e4ttet, w\u00e4hrend der riese uns erreicht und die frau ihre kleidung abwirft und sich ihm hingibt, so da\u00df ich entkommen kann.<\/p>\n<p>&nbsp;<\/p>\n<p>&nbsp;<\/p>\n<p align=\"center\">***<\/p>\n<p style=\"text-align: justify;\">traumnotat aus <strong>reise im flug<\/strong>, von Holger Benkel, Verlag blaue \u00c4pfel, Magdeburg 1995<\/p>\n<p><b><img loading=\"lazy\" decoding=\"async\" class=\"alignleft wp-image-49456 size-medium\" src=\"http:\/\/www.editiondaslabor.de\/blog\/wp-content\/uploads\/2019\/08\/Goya-198x300.jpg\" alt=\"\" width=\"198\" height=\"300\" srcset=\"http:\/\/www.editiondaslabor.de\/blog\/wp-content\/uploads\/2019\/08\/Goya-198x300.jpg 198w, http:\/\/www.editiondaslabor.de\/blog\/wp-content\/uploads\/2019\/08\/Goya.jpg 330w\" sizes=\"auto, (max-width: 198px) 100vw, 198px\" \/>Weiterf\u00fchrend <\/b><b>\u2192<\/b><\/p>\n<p>&nbsp;<\/p>\n<p style=\"text-align: justify;\">In einem <a href=\"http:\/\/www.editiondaslabor.de\/blog\/?p=29373\">Kollegengespr\u00e4ch<\/a> ergr\u00fcndeln Holger Benkel und A.J. Weigoni das Wesen der Poesie &#8211; und ihr allm\u00e4hliches Verschwinden. Das erste Kollegengespr\u00e4ch zwischen Holger Benkel und Weigoni finden Sie <a href=\"http:\/\/www.editiondaslabor.de\/blog\/?p=29373\">hier<\/a>.<\/p>\n<p style=\"text-align: justify;\"><strong>kindheit und kadaver<\/strong>, Gedichte von Holger Benkel, mit Radierungen von Jens Eigner. Verlag Blaue \u00c4pfel, Magdeburg 1995. Eine Rezension des ersten Gedichtbandes von Holger Benkel finden Sie<a href=\"http:\/\/www.editiondaslabor.de\/blog\/?p=6898\"> hier<\/a>.<\/p>\n<p style=\"text-align: justify;\"><strong>mei\u00dfelbrut<\/strong>,\u00a0Gedichte von Holger Benkel, mit siebzehn Holzschnitten von Sabine Kunz und einem Nachwort von Volker Drube, Dr. Ziethen Verlag, Oschersleben 2009. Eine Rezension finden Sie <a href=\"http:\/\/www.editiondaslabor.de\/blog\/?p=12769\">hier<\/a>.<\/p>\n<p style=\"text-align: justify;\"><strong>Gedanken, die um Ecken biegen<\/strong>, Aphorismen von Holger Benkel, <a href=\"http:\/\/www.editiondaslabor.de\/\">Edition Das Labor<\/a>, M\u00fclheim 2013<\/p>\n<p style=\"text-align: justify;\"><b>Essays<\/b> von Holger Benkel, Edition Das Labor 2014 \u2013 Einen Hinweis auf die in der Edition Das Labor erschienen Essays finden Sie <a href=\"http:\/\/www.editiondaslabor.de\/blog\/?p=21478\">hier<\/a>.\u00a0Auf KUNO portr\u00e4tierte Holger Benkel die <a href=\"http:\/\/www.editiondaslabor.de\/blog\/?p=11282\">Br\u00fcder Grimm<\/a>, <a href=\"http:\/\/www.editiondaslabor.de\/blog\/?p=6837\">Ulrich Bergmann<\/a>, <a href=\"http:\/\/www.editiondaslabor.de\/blog\/?p=11284\">A.J. Weigoni<\/a>, <a href=\"http:\/\/www.editiondaslabor.de\/blog\/?p=11279\">Uwe Albert<\/a>, <a href=\"http:\/\/www.editiondaslabor.de\/blog\/?p=15175\">Andr\u00e9 Schinkel<\/a>, <a href=\"http:\/\/www.editiondaslabor.de\/blog\/?p=15177\">Birgitt Lieberwirth<\/a> und <a href=\"http:\/\/www.editiondaslabor.de\/blog\/?p=15179\">Sabine Kunz<\/a>.<\/p>\n<p>&nbsp;<\/p>\n","protected":false},"excerpt":{"rendered":"<p>&nbsp; ich stehe auf einer eisfl\u00e4che. unter mir liegen blaugrau geborstene schollen, die ineinander verkeilt sind. an anderen stellen gl\u00e4nzt das eis durchsichtig wie glas. ich \u00fcberlege, welcher zustand gef\u00e4hrlicher ist. da erblicke ich einen riesen, der mir von einem&hellip;<\/p>\n<p class=\"more-link-p\"><a class=\"more-link\" href=\"http:\/\/www.editiondaslabor.de\/blog\/1996\/11\/14\/eisland\/\">Read more &rarr;<\/a><\/p>\n","protected":false},"author":36,"featured_media":49456,"comment_status":"closed","ping_status":"open","sticky":false,"template":"","format":"standard","meta":{"footnotes":""},"categories":[1],"tags":[94],"class_list":["post-38286","post","type-post","status-publish","format-standard","has-post-thumbnail","hentry","category-literatur","tag-holger-benkel"],"_links":{"self":[{"href":"http:\/\/www.editiondaslabor.de\/blog\/wp-json\/wp\/v2\/posts\/38286","targetHints":{"allow":["GET"]}}],"collection":[{"href":"http:\/\/www.editiondaslabor.de\/blog\/wp-json\/wp\/v2\/posts"}],"about":[{"href":"http:\/\/www.editiondaslabor.de\/blog\/wp-json\/wp\/v2\/types\/post"}],"author":[{"embeddable":true,"href":"http:\/\/www.editiondaslabor.de\/blog\/wp-json\/wp\/v2\/users\/36"}],"replies":[{"embeddable":true,"href":"http:\/\/www.editiondaslabor.de\/blog\/wp-json\/wp\/v2\/comments?post=38286"}],"version-history":[{"count":0,"href":"http:\/\/www.editiondaslabor.de\/blog\/wp-json\/wp\/v2\/posts\/38286\/revisions"}],"wp:featuredmedia":[{"embeddable":true,"href":"http:\/\/www.editiondaslabor.de\/blog\/wp-json\/"}],"wp:attachment":[{"href":"http:\/\/www.editiondaslabor.de\/blog\/wp-json\/wp\/v2\/media?parent=38286"}],"wp:term":[{"taxonomy":"category","embeddable":true,"href":"http:\/\/www.editiondaslabor.de\/blog\/wp-json\/wp\/v2\/categories?post=38286"},{"taxonomy":"post_tag","embeddable":true,"href":"http:\/\/www.editiondaslabor.de\/blog\/wp-json\/wp\/v2\/tags?post=38286"}],"curies":[{"name":"wp","href":"https:\/\/api.w.org\/{rel}","templated":true}]}}