{"id":38235,"date":"2010-05-25T00:01:08","date_gmt":"2010-05-24T22:01:08","guid":{"rendered":"http:\/\/www.editiondaslabor.de\/blog\/?p=38235"},"modified":"2021-10-25T09:58:55","modified_gmt":"2021-10-25T07:58:55","slug":"landung","status":"publish","type":"post","link":"http:\/\/www.editiondaslabor.de\/blog\/2010\/05\/25\/landung\/","title":{"rendered":"LANDUNG"},"content":{"rendered":"<p align=\"center\">ich wolkentemperament<\/p>\n<p align=\"center\">der abgeschiedene jagt<\/p>\n<p align=\"center\">das ungez\u00e4hmte verborgen<\/p>\n<p align=\"center\">in hemden h\u00e4uten hirnen<\/p>\n<p align=\"center\">so sp\u00e4t beim tee<\/p>\n<p align=\"center\">entbl\u00e4ttern die bl\u00fcten<\/p>\n<p align=\"center\">f\u00e4llt in die welt<\/p>\n<p align=\"center\">ein violinschlag schr\u00e4g<\/p>\n<p align=\"center\">sag ich die gr\u00f6\u00dften tr\u00e4ume<\/p>\n<p align=\"center\">kommen dissonant herab<\/p>\n<p align=\"center\">das macht bei dieser h\u00f6h<\/p>\n<p align=\"center\">der freie fall mit jedem halt<\/p>\n<p align=\"center\">rei\u00dft j\u00e4h die haut<\/p>\n<p>&nbsp;<\/p>\n<p align=\"center\">***<\/p>\n<p>&nbsp;<\/p>\n<p style=\"text-align: justify;\">Aus dem Gedichtband <strong>kindheit und kadaver<\/strong>, Gedichte von Holger Benkel, mit Radierungen von Jens Eigner. Verlag Blaue \u00c4pfel, Magdeburg 1995. Eine Rezension des ersten Gedichtbandes von Holger Benkel finden Sie<a href=\"http:\/\/www.editiondaslabor.de\/blog\/?p=6898\"> hier<\/a>.<b><\/b><\/p>\n<div id=\"attachment_13740\" style=\"width: 210px\" class=\"wp-caption alignleft\"><img loading=\"lazy\" decoding=\"async\" aria-describedby=\"caption-attachment-13740\" class=\"size-full wp-image-13740\" src=\"http:\/\/www.editiondaslabor.de\/blog\/wp-content\/uploads\/2013\/02\/Benkel1.jpg\" alt=\"\" width=\"200\" height=\"133\" \/><p id=\"caption-attachment-13740\" class=\"wp-caption-text\">Holger Benkel, Lyriker und Essayist<\/p><\/div>\n<p style=\"text-align: justify;\"><b>Weiterf\u00fchrend <\/b><b>\u2192<\/b><\/p>\n<p style=\"text-align: justify;\">In einem <a href=\"http:\/\/www.editiondaslabor.de\/blog\/?p=29373\">Kollegengespr\u00e4ch<\/a> ergr\u00fcndeln Holger Benkel und A.J. Weigoni das Wesen der Poesie \u2013 und ihr allm\u00e4hliches Verschwinden. Das erste Kollegengespr\u00e4ch zwischen Holger Benkel und Weigoni finden Sie <a href=\"http:\/\/www.editiondaslabor.de\/blog\/?p=29373\">hier<\/a>.<\/p>\n<p style=\"text-align: justify;\"><strong>Gedanken, die um Ecken biegen<\/strong>, <a href=\"http:\/\/www.editiondaslabor.de\/blog\/?p=10304\">Aphorismen<\/a> von Holger Benkel, Edition Das Labor, M\u00fclheim 2013<\/p>\n<p style=\"text-align: justify;\"><b>Essays<\/b> von Holger Benkel, Edition Das Labor 2014 \u2013 Einen Hinweis auf die in der Edition Das Labor erschienen Essays finden Sie <a href=\"http:\/\/www.editiondaslabor.de\/blog\/?p=21478\">hier<\/a>.\u00a0Auf KUNO portr\u00e4tierte Holger Benkel die <a href=\"http:\/\/www.editiondaslabor.de\/blog\/?p=11282\">Br\u00fcder Grimm<\/a>, <a href=\"http:\/\/www.editiondaslabor.de\/blog\/?p=6837\">Ulrich Bergmann<\/a>, <a href=\"http:\/\/www.editiondaslabor.de\/blog\/?p=11284\">A.J. Weigoni<\/a>, <a href=\"http:\/\/www.editiondaslabor.de\/blog\/?p=11279\">Uwe Albert<\/a>, <a href=\"http:\/\/www.editiondaslabor.de\/blog\/?p=15175\">Andr\u00e9 Schinkel<\/a>, <a href=\"http:\/\/www.editiondaslabor.de\/blog\/?p=15177\">Birgitt Lieberwirth<\/a> und <a href=\"http:\/\/www.editiondaslabor.de\/blog\/?p=15179\">Sabine Kunz<\/a>.<\/p>\n","protected":false},"excerpt":{"rendered":"<p>ich wolkentemperament der abgeschiedene jagt das ungez\u00e4hmte verborgen in hemden h\u00e4uten hirnen so sp\u00e4t beim tee entbl\u00e4ttern die bl\u00fcten f\u00e4llt in die welt ein violinschlag schr\u00e4g sag ich die gr\u00f6\u00dften tr\u00e4ume kommen dissonant herab das macht bei dieser h\u00f6h der&hellip;<\/p>\n<p class=\"more-link-p\"><a class=\"more-link\" href=\"http:\/\/www.editiondaslabor.de\/blog\/2010\/05\/25\/landung\/\">Read more &rarr;<\/a><\/p>\n","protected":false},"author":36,"featured_media":16637,"comment_status":"closed","ping_status":"closed","sticky":false,"template":"","format":"standard","meta":{"footnotes":""},"categories":[1],"tags":[94],"class_list":["post-38235","post","type-post","status-publish","format-standard","has-post-thumbnail","hentry","category-literatur","tag-holger-benkel"],"_links":{"self":[{"href":"http:\/\/www.editiondaslabor.de\/blog\/wp-json\/wp\/v2\/posts\/38235","targetHints":{"allow":["GET"]}}],"collection":[{"href":"http:\/\/www.editiondaslabor.de\/blog\/wp-json\/wp\/v2\/posts"}],"about":[{"href":"http:\/\/www.editiondaslabor.de\/blog\/wp-json\/wp\/v2\/types\/post"}],"author":[{"embeddable":true,"href":"http:\/\/www.editiondaslabor.de\/blog\/wp-json\/wp\/v2\/users\/36"}],"replies":[{"embeddable":true,"href":"http:\/\/www.editiondaslabor.de\/blog\/wp-json\/wp\/v2\/comments?post=38235"}],"version-history":[{"count":0,"href":"http:\/\/www.editiondaslabor.de\/blog\/wp-json\/wp\/v2\/posts\/38235\/revisions"}],"wp:featuredmedia":[{"embeddable":true,"href":"http:\/\/www.editiondaslabor.de\/blog\/wp-json\/"}],"wp:attachment":[{"href":"http:\/\/www.editiondaslabor.de\/blog\/wp-json\/wp\/v2\/media?parent=38235"}],"wp:term":[{"taxonomy":"category","embeddable":true,"href":"http:\/\/www.editiondaslabor.de\/blog\/wp-json\/wp\/v2\/categories?post=38235"},{"taxonomy":"post_tag","embeddable":true,"href":"http:\/\/www.editiondaslabor.de\/blog\/wp-json\/wp\/v2\/tags?post=38235"}],"curies":[{"name":"wp","href":"https:\/\/api.w.org\/{rel}","templated":true}]}}