{"id":38210,"date":"1995-02-28T00:01:38","date_gmt":"1995-02-27T23:01:38","guid":{"rendered":"http:\/\/www.editiondaslabor.de\/blog\/?p=38210"},"modified":"2022-05-15T14:41:17","modified_gmt":"2022-05-15T12:41:17","slug":"gastmahl","status":"publish","type":"post","link":"http:\/\/www.editiondaslabor.de\/blog\/1995\/02\/28\/gastmahl\/","title":{"rendered":"GASTMAHL"},"content":{"rendered":"<p align=\"center\">\n<p align=\"center\">wird mir das fleisch gebrannt<\/p>\n<p align=\"center\">im restaurant dem parf\u00fcmierten<\/p>\n<p align=\"center\">ort mit regenschirmen aus papier<\/p>\n<p align=\"center\">im angebot statt regenw\u00fcrmern<\/p>\n<p align=\"center\">auf spiegeln serviert seh ich<\/p>\n<p align=\"center\">beim essen die z\u00e4hne eindringen<\/p>\n<p align=\"center\">ins erhitzte gewebe die muskeln<\/p>\n<p align=\"center\">die fasern die mich halten tr\u00e4ge<\/p>\n<p align=\"center\">durch die speiser\u00f6hre rinnen<\/p>\n<p align=\"center\">sp\u00fcr ich zittert klamm die haut<\/p>\n<p align=\"center\">das fell mir unterm hemd<\/p>\n<p align=\"center\">\n<p align=\"center\">\n<p align=\"center\">***<\/p>\n<p style=\"text-align: justify;\">Aus dem Gedichtband <strong>kindheit und kadaver<\/strong>, Gedichte von Holger Benkel, mit Radierungen von Jens Eigner. Verlag Blaue \u00c4pfel, Magdeburg 1995. Eine Rezension des ersten Gedichtbandes von Holger Benkel finden Sie<a href=\"http:\/\/www.editiondaslabor.de\/blog\/?p=6898\"> hier<\/a>.<\/p>\n<p><b><img loading=\"lazy\" decoding=\"async\" class=\"size-full wp-image-98901 alignleft\" src=\"http:\/\/www.editiondaslabor.de\/blog\/wp-content\/uploads\/2025\/12\/Kindheit-und-Kadaver-Cover.jpg\" alt=\"\" width=\"140\" height=\"221\" \/>Weiterf\u00fchrend <\/b><b>\u2192<\/b><\/p>\n<p>&nbsp;<\/p>\n<p style=\"text-align: justify;\">In einem <a href=\"http:\/\/www.editiondaslabor.de\/blog\/?p=29373\">Kollegengespr\u00e4ch<\/a> ergr\u00fcndeln Holger Benkel und A.J. Weigoni das Wesen der Poesie &#8211; und ihr allm\u00e4hliches Verschwinden. Das erste Kollegengespr\u00e4ch zwischen Holger Benkel und Weigoni finden Sie <a href=\"http:\/\/www.editiondaslabor.de\/blog\/?p=29373\">hier<\/a>.<\/p>\n<p style=\"text-align: justify;\"><strong>mei\u00dfelbrut<\/strong>,\u00a0Gedichte von Holger Benkel, mit siebzehn Holzschnitten von Sabine Kunz und einem Nachwort von Volker Drube, Dr. Ziethen Verlag, Oschersleben 2009. Eine Rezension finden Sie <a href=\"http:\/\/www.editiondaslabor.de\/blog\/?p=12769\">hier<\/a>.<\/p>\n<p style=\"text-align: justify;\"><strong>Gedanken, die um Ecken biegen<\/strong>, Aphorismen von Holger Benkel, <a href=\"http:\/\/www.editiondaslabor.de\/\">Edition Das Labor<\/a>, M\u00fclheim 2013<\/p>\n<p style=\"text-align: justify;\"><b>Essays<\/b> von Holger Benkel, Edition Das Labor 2014 \u2013 Einen Hinweis auf die in der Edition Das Labor erschienen Essays finden Sie <a href=\"http:\/\/www.editiondaslabor.de\/blog\/?p=21478\">hier<\/a>.\u00a0Auf KUNO portr\u00e4tierte Holger Benkel die <a href=\"http:\/\/www.editiondaslabor.de\/blog\/?p=11282\">Br\u00fcder Grimm<\/a>, <a href=\"http:\/\/www.editiondaslabor.de\/blog\/?p=6837\">Ulrich Bergmann<\/a>, <a href=\"http:\/\/www.editiondaslabor.de\/blog\/?p=11284\">A.J. Weigoni<\/a>, <a href=\"http:\/\/www.editiondaslabor.de\/blog\/?p=11279\">Uwe Albert<\/a>, <a href=\"http:\/\/www.editiondaslabor.de\/blog\/?p=15175\">Andr\u00e9 Schinkel<\/a>, <a href=\"http:\/\/www.editiondaslabor.de\/blog\/?p=15177\">Birgitt Lieberwirth<\/a> und <a href=\"http:\/\/www.editiondaslabor.de\/blog\/?p=15179\">Sabine Kunz<\/a>.<\/p>\n","protected":false},"excerpt":{"rendered":"<p>wird mir das fleisch gebrannt im restaurant dem parf\u00fcmierten ort mit regenschirmen aus papier im angebot statt regenw\u00fcrmern auf spiegeln serviert seh ich beim essen die z\u00e4hne eindringen ins erhitzte gewebe die muskeln die fasern die mich halten tr\u00e4ge durch&hellip;<\/p>\n<p class=\"more-link-p\"><a class=\"more-link\" href=\"http:\/\/www.editiondaslabor.de\/blog\/1995\/02\/28\/gastmahl\/\">Read more &rarr;<\/a><\/p>\n","protected":false},"author":36,"featured_media":98901,"comment_status":"closed","ping_status":"open","sticky":false,"template":"","format":"standard","meta":{"footnotes":""},"categories":[1],"tags":[94],"class_list":["post-38210","post","type-post","status-publish","format-standard","has-post-thumbnail","hentry","category-literatur","tag-holger-benkel"],"_links":{"self":[{"href":"http:\/\/www.editiondaslabor.de\/blog\/wp-json\/wp\/v2\/posts\/38210","targetHints":{"allow":["GET"]}}],"collection":[{"href":"http:\/\/www.editiondaslabor.de\/blog\/wp-json\/wp\/v2\/posts"}],"about":[{"href":"http:\/\/www.editiondaslabor.de\/blog\/wp-json\/wp\/v2\/types\/post"}],"author":[{"embeddable":true,"href":"http:\/\/www.editiondaslabor.de\/blog\/wp-json\/wp\/v2\/users\/36"}],"replies":[{"embeddable":true,"href":"http:\/\/www.editiondaslabor.de\/blog\/wp-json\/wp\/v2\/comments?post=38210"}],"version-history":[{"count":1,"href":"http:\/\/www.editiondaslabor.de\/blog\/wp-json\/wp\/v2\/posts\/38210\/revisions"}],"predecessor-version":[{"id":103057,"href":"http:\/\/www.editiondaslabor.de\/blog\/wp-json\/wp\/v2\/posts\/38210\/revisions\/103057"}],"wp:featuredmedia":[{"embeddable":true,"href":"http:\/\/www.editiondaslabor.de\/blog\/wp-json\/wp\/v2\/media\/98901"}],"wp:attachment":[{"href":"http:\/\/www.editiondaslabor.de\/blog\/wp-json\/wp\/v2\/media?parent=38210"}],"wp:term":[{"taxonomy":"category","embeddable":true,"href":"http:\/\/www.editiondaslabor.de\/blog\/wp-json\/wp\/v2\/categories?post=38210"},{"taxonomy":"post_tag","embeddable":true,"href":"http:\/\/www.editiondaslabor.de\/blog\/wp-json\/wp\/v2\/tags?post=38210"}],"curies":[{"name":"wp","href":"https:\/\/api.w.org\/{rel}","templated":true}]}}