{"id":38208,"date":"1994-09-14T00:01:13","date_gmt":"1994-09-13T22:01:13","guid":{"rendered":"http:\/\/www.editiondaslabor.de\/blog\/?p=38208"},"modified":"2021-12-07T19:06:37","modified_gmt":"2021-12-07T18:06:37","slug":"zerfall","status":"publish","type":"post","link":"http:\/\/www.editiondaslabor.de\/blog\/1994\/09\/14\/zerfall\/","title":{"rendered":"ZERFALL"},"content":{"rendered":"<p align=\"center\">kraut das auf den lippen weich gel\u00f6st<\/p>\n<p align=\"center\">verwest erweckt mich nur der stein<\/p>\n<p align=\"center\">von bleicher luft por\u00f6s wie haut h\u00e4lt mich<\/p>\n<p align=\"center\">am hang der abst\u00fcrzt find ich den sch\u00e4del<\/p>\n<p align=\"center\">entbl\u00e4ttert wei\u00df ich die h\u00f6hle die mich birgt<\/p>\n<p align=\"center\">in mir der schatten an das wand das tier<\/p>\n<p align=\"center\">bin ich unterm sediment geronnen<\/p>\n<p align=\"center\">lieg ich begraben noch pocht das blut<\/p>\n<p align=\"center\">im innersten gew\u00f6lbe des k\u00f6rpers h\u00f6r ich<\/p>\n<p align=\"center\">das klirren der scherben den schorf die sichel<\/p>\n<p align=\"center\">die narbe das schwert treib ich tiefer mich hinab<\/p>\n<p align=\"center\">\u00a0bis die stimme die flieht zur\u00fcckwirft<\/p>\n<p align=\"center\">\u00a0das einsame feuer im kopf verwahrt<\/p>\n<p align=\"center\">\u00a0verwittert das gesicht die kruste nicht<\/p>\n<p align=\"center\">k\u00f6nnt ich versinken im nahen moor<\/p>\n<p align=\"center\">bliebe erhalten der blasse getrocknete mund<\/p>\n<p align=\"center\">***<\/p>\n<p>&nbsp;<\/p>\n<p style=\"text-align: justify;\">Vorschau auf den Gedichtband <strong>kindheit und kadaver<\/strong>, Gedichte von Holger Benkel, mit Radierungen von Jens Eigner. Verlag Blaue \u00c4pfel, Magdeburg 1995. Eine Rezension des ersten Gedichtbandes von Holger Benkel finden Sie<a href=\"http:\/\/www.editiondaslabor.de\/blog\/?p=6898\"> hier<\/a>.<\/p>\n<p><img loading=\"lazy\" decoding=\"async\" class=\"alignleft size-full wp-image-16637\" src=\"http:\/\/www.editiondaslabor.de\/blog\/wp-content\/uploads\/2013\/12\/Benkel13.jpg\" alt=\"\" width=\"200\" height=\"133\" \/><b>Weiterf\u00fchrend <\/b><b>\u2192<\/b><\/p>\n<p>&nbsp;<\/p>\n<p style=\"text-align: justify;\">In einem <a href=\"http:\/\/www.editiondaslabor.de\/blog\/?p=29373\">Kollegengespr\u00e4ch<\/a> ergr\u00fcndeln Holger Benkel und A.J. Weigoni das Wesen der Poesie &#8211; und ihr allm\u00e4hliches Verschwinden. Das erste Kollegengespr\u00e4ch zwischen Holger Benkel und Weigoni finden Sie <a href=\"http:\/\/www.editiondaslabor.de\/blog\/?p=29373\">hier<\/a>.<\/p>\n<p style=\"text-align: justify;\"><strong>mei\u00dfelbrut<\/strong>,\u00a0Gedichte von Holger Benkel, mit siebzehn Holzschnitten von Sabine Kunz und einem Nachwort von Volker Drube, Dr. Ziethen Verlag, Oschersleben 2009. Eine Rezension finden Sie <a href=\"http:\/\/www.editiondaslabor.de\/blog\/?p=12769\">hier<\/a>.<\/p>\n<p style=\"text-align: justify;\"><strong>Gedanken, die um Ecken biegen<\/strong>, Aphorismen von Holger Benkel, <a href=\"http:\/\/www.editiondaslabor.de\/\">Edition Das Labor<\/a>, M\u00fclheim 2013<\/p>\n<p style=\"text-align: justify;\"><b>Essays<\/b> von Holger Benkel, Edition Das Labor 2014 \u2013 Einen Hinweis auf die in der Edition Das Labor erschienen Essays finden Sie <a href=\"http:\/\/www.editiondaslabor.de\/blog\/?p=21478\">hier<\/a>.\u00a0Auf KUNO portr\u00e4tierte Holger Benkel die <a href=\"http:\/\/www.editiondaslabor.de\/blog\/?p=11282\">Br\u00fcder Grimm<\/a>, <a href=\"http:\/\/www.editiondaslabor.de\/blog\/?p=6837\">Ulrich Bergmann<\/a>, <a href=\"http:\/\/www.editiondaslabor.de\/blog\/?p=11284\">A.J. Weigoni<\/a>, <a href=\"http:\/\/www.editiondaslabor.de\/blog\/?p=11279\">Uwe Albert<\/a>, <a href=\"http:\/\/www.editiondaslabor.de\/blog\/?p=15175\">Andr\u00e9 Schinkel<\/a>, <a href=\"http:\/\/www.editiondaslabor.de\/blog\/?p=15177\">Birgitt Lieberwirth<\/a> und <a href=\"http:\/\/www.editiondaslabor.de\/blog\/?p=15179\">Sabine Kunz<\/a>.<\/p>\n","protected":false},"excerpt":{"rendered":"<p>kraut das auf den lippen weich gel\u00f6st verwest erweckt mich nur der stein von bleicher luft por\u00f6s wie haut h\u00e4lt mich am hang der abst\u00fcrzt find ich den sch\u00e4del entbl\u00e4ttert wei\u00df ich die h\u00f6hle die mich birgt in mir der&hellip;<\/p>\n<p class=\"more-link-p\"><a class=\"more-link\" href=\"http:\/\/www.editiondaslabor.de\/blog\/1994\/09\/14\/zerfall\/\">Read more &rarr;<\/a><\/p>\n","protected":false},"author":36,"featured_media":16637,"comment_status":"closed","ping_status":"open","sticky":false,"template":"","format":"standard","meta":{"footnotes":""},"categories":[1],"tags":[94],"class_list":["post-38208","post","type-post","status-publish","format-standard","has-post-thumbnail","hentry","category-literatur","tag-holger-benkel"],"_links":{"self":[{"href":"http:\/\/www.editiondaslabor.de\/blog\/wp-json\/wp\/v2\/posts\/38208","targetHints":{"allow":["GET"]}}],"collection":[{"href":"http:\/\/www.editiondaslabor.de\/blog\/wp-json\/wp\/v2\/posts"}],"about":[{"href":"http:\/\/www.editiondaslabor.de\/blog\/wp-json\/wp\/v2\/types\/post"}],"author":[{"embeddable":true,"href":"http:\/\/www.editiondaslabor.de\/blog\/wp-json\/wp\/v2\/users\/36"}],"replies":[{"embeddable":true,"href":"http:\/\/www.editiondaslabor.de\/blog\/wp-json\/wp\/v2\/comments?post=38208"}],"version-history":[{"count":0,"href":"http:\/\/www.editiondaslabor.de\/blog\/wp-json\/wp\/v2\/posts\/38208\/revisions"}],"wp:featuredmedia":[{"embeddable":true,"href":"http:\/\/www.editiondaslabor.de\/blog\/wp-json\/"}],"wp:attachment":[{"href":"http:\/\/www.editiondaslabor.de\/blog\/wp-json\/wp\/v2\/media?parent=38208"}],"wp:term":[{"taxonomy":"category","embeddable":true,"href":"http:\/\/www.editiondaslabor.de\/blog\/wp-json\/wp\/v2\/categories?post=38208"},{"taxonomy":"post_tag","embeddable":true,"href":"http:\/\/www.editiondaslabor.de\/blog\/wp-json\/wp\/v2\/tags?post=38208"}],"curies":[{"name":"wp","href":"https:\/\/api.w.org\/{rel}","templated":true}]}}