{"id":38137,"date":"1989-11-27T00:01:10","date_gmt":"1989-11-26T23:01:10","guid":{"rendered":"http:\/\/www.editiondaslabor.de\/blog\/?p=38137"},"modified":"2023-01-31T06:03:04","modified_gmt":"2023-01-31T05:03:04","slug":"kindheit-und-kadaver","status":"publish","type":"post","link":"http:\/\/www.editiondaslabor.de\/blog\/1989\/11\/27\/kindheit-und-kadaver\/","title":{"rendered":"KINDHEIT UND KADAVER"},"content":{"rendered":"<p align=\"center\">wenn die verwandten neben mir<\/p>\n<p align=\"center\">die mich im wind selbst nicht<\/p>\n<p align=\"center\">zu wittern wu\u00dften fremd wie fern<\/p>\n<p align=\"center\">vor gr\u00e4bern standen sah ich das kind<\/p>\n<p align=\"center\">in der erde hinterm gekr\u00fcmmten stein<\/p>\n<p align=\"center\">die h\u00f6hle aus holz den wachturm des vergessens<\/p>\n<p align=\"center\">die welt der w\u00fcrmer und der nager<\/p>\n<p align=\"center\">gespeist vom menschen fragte ich mich<\/p>\n<p align=\"center\">weshalb ehrt ihr die starre der toten<\/p>\n<p align=\"center\">und nicht das leben darin in form der tiere<\/p>\n<p align=\"center\">aus dem k\u00f6rper der kapelle der leiche<\/p>\n<p align=\"center\">unter euch das ewige wachsen<\/p>\n<p align=\"center\">das einzig doch trost geben kann<\/p>\n<p align=\"center\">\n<p align=\"center\">\n<p align=\"center\">\n<p align=\"center\">***<\/p>\n<p style=\"text-align: justify;\">Vorschau auf den Gedichtband <strong>kindheit und kadaver<\/strong>, Gedichte von Holger Benkel, mit Radierungen von Jens Eigner. Verlag Blaue \u00c4pfel, Magdeburg 1995. Eine Rezension des ersten Gedichtbandes von Holger Benkel finden Sie<a href=\"http:\/\/www.editiondaslabor.de\/blog\/?p=6898\"> hier<\/a>.<\/p>\n<p><img loading=\"lazy\" decoding=\"async\" class=\"size-full wp-image-98901 alignleft\" src=\"http:\/\/www.editiondaslabor.de\/blog\/wp-content\/uploads\/2025\/12\/Kindheit-und-Kadaver-Cover.jpg\" alt=\"\" width=\"140\" height=\"221\" \/><b>Weiterf\u00fchrend <\/b><b>\u2192<\/b><\/p>\n<p>&nbsp;<\/p>\n<p style=\"text-align: justify;\">In einem <a href=\"http:\/\/www.editiondaslabor.de\/blog\/?p=29373\">Kollegengespr\u00e4ch<\/a> ergr\u00fcndeln Holger Benkel und A.J. Weigoni das Wesen der Poesie &#8211; und ihr allm\u00e4hliches Verschwinden. Das erste Kollegengespr\u00e4ch zwischen Holger Benkel und Weigoni finden Sie <a href=\"http:\/\/www.editiondaslabor.de\/blog\/?p=29373\">hier<\/a>.<\/p>\n<p style=\"text-align: justify;\"><strong>Gedanken, die um Ecken biegen<\/strong>, Aphorismen von Holger Benkel, <a href=\"http:\/\/www.editiondaslabor.de\/\">Edition Das Labor<\/a>, M\u00fclheim 2013<\/p>\n<p style=\"text-align: justify;\"><b>Essays<\/b> von Holger Benkel, Edition Das Labor 2014 \u2013 Einen Hinweis auf die in der Edition Das Labor erschienen Essays finden Sie <a href=\"http:\/\/www.editiondaslabor.de\/blog\/?p=21478\">hier<\/a>.\u00a0Auf KUNO portr\u00e4tierte Holger Benkel die <a href=\"http:\/\/www.editiondaslabor.de\/blog\/?p=11282\">Br\u00fcder Grimm<\/a>, <a href=\"http:\/\/www.editiondaslabor.de\/blog\/?p=6837\">Ulrich Bergmann<\/a>, <a href=\"http:\/\/www.editiondaslabor.de\/blog\/?p=11284\">A.J. Weigoni<\/a>, <a href=\"http:\/\/www.editiondaslabor.de\/blog\/?p=11279\">Uwe Albert<\/a>, <a href=\"http:\/\/www.editiondaslabor.de\/blog\/?p=15175\">Andr\u00e9 Schinkel<\/a>, <a href=\"http:\/\/www.editiondaslabor.de\/blog\/?p=15177\">Birgitt Lieberwirth<\/a> und <a href=\"http:\/\/www.editiondaslabor.de\/blog\/?p=15179\">Sabine Kunz<\/a>.<\/p>\n<p style=\"text-align: justify;\">\n","protected":false},"excerpt":{"rendered":"<p>wenn die verwandten neben mir die mich im wind selbst nicht zu wittern wu\u00dften fremd wie fern vor gr\u00e4bern standen sah ich das kind in der erde hinterm gekr\u00fcmmten stein die h\u00f6hle aus holz den wachturm des vergessens die welt&hellip;<\/p>\n<p class=\"more-link-p\"><a class=\"more-link\" href=\"http:\/\/www.editiondaslabor.de\/blog\/1989\/11\/27\/kindheit-und-kadaver\/\">Read more &rarr;<\/a><\/p>\n","protected":false},"author":36,"featured_media":98901,"comment_status":"closed","ping_status":"open","sticky":false,"template":"","format":"standard","meta":{"footnotes":""},"categories":[1],"tags":[94],"class_list":["post-38137","post","type-post","status-publish","format-standard","has-post-thumbnail","hentry","category-literatur","tag-holger-benkel"],"_links":{"self":[{"href":"http:\/\/www.editiondaslabor.de\/blog\/wp-json\/wp\/v2\/posts\/38137","targetHints":{"allow":["GET"]}}],"collection":[{"href":"http:\/\/www.editiondaslabor.de\/blog\/wp-json\/wp\/v2\/posts"}],"about":[{"href":"http:\/\/www.editiondaslabor.de\/blog\/wp-json\/wp\/v2\/types\/post"}],"author":[{"embeddable":true,"href":"http:\/\/www.editiondaslabor.de\/blog\/wp-json\/wp\/v2\/users\/36"}],"replies":[{"embeddable":true,"href":"http:\/\/www.editiondaslabor.de\/blog\/wp-json\/wp\/v2\/comments?post=38137"}],"version-history":[{"count":2,"href":"http:\/\/www.editiondaslabor.de\/blog\/wp-json\/wp\/v2\/posts\/38137\/revisions"}],"predecessor-version":[{"id":104459,"href":"http:\/\/www.editiondaslabor.de\/blog\/wp-json\/wp\/v2\/posts\/38137\/revisions\/104459"}],"wp:featuredmedia":[{"embeddable":true,"href":"http:\/\/www.editiondaslabor.de\/blog\/wp-json\/wp\/v2\/media\/98901"}],"wp:attachment":[{"href":"http:\/\/www.editiondaslabor.de\/blog\/wp-json\/wp\/v2\/media?parent=38137"}],"wp:term":[{"taxonomy":"category","embeddable":true,"href":"http:\/\/www.editiondaslabor.de\/blog\/wp-json\/wp\/v2\/categories?post=38137"},{"taxonomy":"post_tag","embeddable":true,"href":"http:\/\/www.editiondaslabor.de\/blog\/wp-json\/wp\/v2\/tags?post=38137"}],"curies":[{"name":"wp","href":"https:\/\/api.w.org\/{rel}","templated":true}]}}