{"id":37437,"date":"2017-02-01T00:01:37","date_gmt":"2017-01-31T23:01:37","guid":{"rendered":"http:\/\/www.editiondaslabor.de\/blog\/?p=37437"},"modified":"2019-10-06T15:38:39","modified_gmt":"2019-10-06T13:38:39","slug":"robert-musil-geht-online","status":"publish","type":"post","link":"http:\/\/www.editiondaslabor.de\/blog\/2017\/02\/01\/robert-musil-geht-online\/","title":{"rendered":"Robert Musil geht online"},"content":{"rendered":"<p style=\"text-align: right;\"><span style=\"color: #888888;\"><em>Wenn es aber Wirklichkeitssinn gibt, und niemand wird bezweifeln, da\u00df er seine Daseinsberechtigung hat, dann mu\u00df es auch etwas geben, das man M\u00f6glichkeitssinn nennen kann.<\/em><\/span><\/p>\n<p>&nbsp;<\/p>\n<p style=\"text-align: justify;\"><img decoding=\"async\" class=\"alignleft\" alt=\"\" src=\"data:image\/jpeg;base64,\/9j\/4AAQSkZJRgABAQAAAQABAAD\/2wBDAAYEBQYFBAYGBQYHBwYIChAKCgkJChQODwwQFxQYGBcUFhYaHSUfGhsjHBYWICwgIyYnKSopGR8tMC0oMCUoKSj\/2wBDAQcHBwoIChMKChMoGhYaKCgoKCgoKCgoKCgoKCgoKCgoKCgoKCgoKCgoKCgoKCgoKCgoKCgoKCgoKCgoKCgoKCj\/wAARCABiAGIDASIAAhEBAxEB\/8QAHAABAQEBAAMBAQAAAAAAAAAAAAcGBQEDBAII\/8QAQRAAAAQDAgcNBgYCAwAAAAAAAAECAwQFBgcRCBUhN1Vy0RITFzEzVnSSk5Sys9IiNkFRgZEUQnF1obEyYRYjUv\/EABgBAQADAQAAAAAAAAAAAAAAAAACAwQB\/8QAIREBAAIBAwQDAAAAAAAAAAAAAAECAwQScREyM7ETMVH\/2gAMAwEAAhEDEQA\/AKrNJ3XE1tIqCQ0rGyOEhJXDwrpnHQy3FLN1KjyGlRcW5H04vta05SPcnvUPNJZ86\/6FLfC4KUAmmL7WtOUj3J71Bi+1rTlI9ye9QpYAJpi+1rTlI9ye9QYvta05SPcnvUKWACaYvta05SPcnvUGL7WtOUj3J71ClgAmmL7WtOUj3J71Bi+1rTlI9ye9QpYAJpi+1rTlI9ye9Q4dazW1GkaciJ1HTWl4iGh1tktpmDdJSiUtKchmq78ws4nGENmlnGvD+e2AozZmptJnxmRGA8M8kjVIAE3pLPnX\/Qpb4XBShNaSz51\/0KW+FwUoAAAAAAAABzKajXphKGoiJNJuqUsj3JXFkUZF\/Q6YhjvGSsXj6l21dszEgAAm4CcYQ2aWca8P57Yo4nGENmlnGvD+e2AorPJI1SAGeSRqkACb0lnzr\/oUt8Lg3s7mcNJZRGTOPUpEJCNKedUlJqMkpK88hcYwVJZ86\/6FLfC4O9a1mwqr9tf8BgPzQFolOV6UZ\/xuLcfOE3G+pcaU2ZEq+47lFlLIY0E8msHI5PGTSZukzBQjSnnnLr9ykivPJ8R\/LVjrhUbNrOJ+gt7l1TQj0qjjv9nf0vK3tR\/r7JfcVHCIjXJm1TVCwKj\/ABVRx6Evkk8qYZsyUs\/6+xgNrQFoVP16iNVTcQ88UGaCe3xlTdxqIzL\/ACLLxGNaIFgysMQtV2lw0Igm4ZiZk00gvyoSpwkl9iIX0Bw6K93WNdzxmO4OHRXu6xrueMx7KynSadpSbzhad2UDCuPkk\/zGlJmRfe4Z9J4KcR6WZe+eXDry0+lKGcQxP5mlEYsiUmFZQbrpkfEZpLiL9bhwKet5oOdTFuBKYvwEQ4ZJQUewbKVGfF7R5C+pkMjg0UhDziWRVe1M2mYz2ZxLim3YhO63pJHcakkfEZmR5fgRERCoWl0DKK5puLgI6EY\/Gb2ZwsUSCJxly72TJXyv4y4jIaFbYkd5XllITjCGzSzjXh\/PbGewWanjZ1Q8XKZs4p2MkkR+EJSjvVvd16SM\/jdcpP6EQ0OENmlnGvD+e2AorPJI1SAGeSRqkACb0lnzr\/oUt8Lg71rWbCqv21\/wGODSWfOv+hS3wuDX1xKX59R06lMIttERGwjjDanDMkkpSTIjO74ZQEIk1NuVJgky5MGR4xl6HJhBqT\/klxp5asn+zLdF9R0bEpi9aZaTH11GNqTDSuXsy2ESriJ5Sd08ovuf0UKhZFS8ZR9nkqkM0ch3oqFSsnFMGZoPdLUorryI+I\/kNXCwsPCNmiFYaYQZ3mltBJK\/53EAheDZ75Wofu5+N0XoTOyOgpnR0\/rKOmURCOtTmOOJYJg1GaU7pZ3KvIsvtFxCmAOHRXu6xrueMx8FrEtem9mtSwEKk1vvQDpISXGpRJvIv4H30V7usa7njMdwZ9J4KcR6WZe+eUgwV5vDzGyWChWlp\/ES951h5F+VJmo1pM\/1JRCrTOOh5ZLYqOjXEtQ0M0p5xajuJKUleZ\/wIzPbJJ\/IKqiqjsonTEqdizNUTLYpF8O4Zned1xHkvMzuMsl53GV9w+KaUBanXqG5dXNRyuXSPdEb7ErbM1PER33HeX9mZf6MaFb04IcK67KqrnakKQxMZj\/1Xlx7kjM\/5Xd9Bu8IbNLONeH89sbSmZDL6ZkUHJ5OwTEDCo3Dab7zP5mZ\/EzO8zP5mMXhDZpZxrw\/ntgKKzySNUgBnkkapAAm9JZ86\/6FLfC4KUJrSWfOv+hS3wuClAAAAAAAA4VEmR06xd\/7c8ah3R4QhLadyhJJT8iK4h5FeHH8eOtPyOiV7brTIAALEQTjCGzSzjXh\/PbFHE4whs0s414fz2wFFZ5JGqQAzySNUgATeks+df8AQpb4XBShF26vkFJ24Vuqo5rDy9MRBy8md+My3e5S5fdcXwvL7jVcMVn3OqXdZWwBvgGB4YrPudUu6ytgcMVn3OqXdZWwBvgGB4YrPudUu6ytgcMVn3OqXdZWwBvgGB4YrPudUu6ytgcMVn3OqXdZWwBvgGB4YrPudUu6ytgcMVn3OqXdZWwBvhOMIbNLONeH89sfTwxWfc6pd1lbBh7abSqOn1nMylsnqCCi455xgm2WzPdKueQZ3ZPkRgLozySNUgBnkkapAA9D8vgoh03H4SHdcPIaltJUZ\/UyHrxTLtHwnYp2AABimXaPhOxTsDFMu0fCdinYAAGKZdo+E7FOwMUy7R8J2KdgAAYpl2j4TsU7AxTLtHwnYp2AABimXaPhOxTsDFMu0fCdinYAAGKZdo+E7FOwMUy7R8J2KdgAA+0AAB\/\/2Q==\"\/>Mit einem neu geschaffenen <a href=\"http:\/\/musilonline.at\/\">Internetportal<\/a> ist das Werk von Robert Musil online recherchierbar. Das Portal soll alle Texte Musils kostenlos zug\u00e4nglich und mit einem Suchtool recherchierbar machen. Die mehr als zehntausend Nachlassmanuskripte und etwa dreitausend Druckseiten werden als Bilddateien hochgeladen. Und au\u00dferdem ist tats\u00e4chlich geplant, den &#8218;philosophischen Kommentar&#8216; nach dem Wiki-Prinzip anzulegen, statt blo\u00df sinnverengende Sacherl\u00e4uterungen zu bieten, soll eine offene Diskussion um die m\u00f6gliche Vieldeutigkeit der Texte gef\u00fchrt werden. Die Einladung zur Pluralisierung des Sinns geht mit einer Pluralisierung der Autorschaft des Kommentars einher, beide k\u00f6nnen nur in einem interaktiven digitalen Kontext realisiert werden. Die Buchausgabe dagegen hat die Aufgabe, das Werk Musils in seiner Gesamtheit nach einheitlichen Prinzipien gestaltet f\u00fcr die literarische Lekt\u00fcre zug\u00e4nglich zu halten, darin besteht das vordringliche Ziel der auf zw\u00f6lf B\u00e4nde angelegten Gesamtausgabe.<\/p>\n<style><!--\n\/* Font Definitions *\/\n@font-face\n\t{font-family:\"Times New Roman\";\n\tpanose-1:0 2 2 6 3 5 4 5 2 3;\n\tmso-font-charset:0;\n\tmso-generic-font-family:auto;\n\tmso-font-pitch:variable;\n\tmso-font-signature:50331648 0 0 0 1 0;}\n \/* Style Definitions *\/\np.MsoNormal, li.MsoNormal, div.MsoNormal\n\t{mso-style-parent:\"\";\n\tmargin:0cm;\n\tmargin-bottom:.0001pt;\n\tmso-pagination:widow-orphan;\n\tfont-size:12.0pt;\n\tfont-family:\"Times New Roman\";}\ntable.MsoNormalTable\n\t{mso-style-parent:\"\";\n\tfont-size:10.0pt;\n\tfont-family:\"Times New Roman\";}\np.rez, li.rez, div.rez\n\t{mso-style-name:rez;\n\tmargin-right:0cm;\n\tmso-margin-top-alt:auto;\n\tmso-margin-bottom-alt:auto;\n\tmargin-left:0cm;\n\tmso-pagination:widow-orphan;\n\tfont-size:10.0pt;\n\tfont-family:Times;}\n@page Section1\n\t{size:612.0pt 792.0pt;\n\tmargin:70.85pt 70.85pt 2.0cm 70.85pt;\n\tmso-header-margin:36.0pt;\n\tmso-footer-margin:36.0pt;\n\tmso-paper-source:0;}\ndiv.Section1\n\t{page:Section1;}\n--><\/style>\n<p style=\"text-align: right;\"><em><span style=\"color: #888888;\">Vor allem in Musils Werk kann der skizzierte Umbruch im Weltverstehen, der die Wirklichkeit f\u00fcr das Subjekt problematisch werden l\u00e4sst, beispielhaft herausgearbeitet werden.<\/span><\/em><\/p>\n<p style=\"text-align: right;\"><span style=\"color: #888888;\">Uwe M. Maier<\/span><\/p>\n<p style=\"text-align: justify;\">Die von Jung und Jung verantwortete, derzeit im Erscheinen begriffene <a href=\"http:\/\/jungundjung.at\/content.php?id=3&amp;a_id=135&amp;ag=l\" target=\"_blank\">Gesamtausgabe<\/a> Robert Musil <a href=\"https:\/\/www.nzz.ch\/feuilleton\/robert-musil-online-und-print-der-neue-mann-ohne-eigenschaften-ld.142189\" target=\"_blank\">h\u00e4lt<\/a> <i>NZZ<\/i>-Kritiker Franz Haas insbesondere wegen des <a href=\"http:\/\/musilonline.at\/\" target=\"_blank\">begleitenden Digitalkompendiums<\/a> f\u00fcr reizvoll: Auf <i>musilonline.at<\/i> werde Schritt f\u00fcr Schritt der gesamte Musil samt weiterf\u00fchrenden Anmerkungen und einem Diskussionsform zug\u00e4nglich. Aufbereitung und Pr\u00e4sentation \u00fcberzeugen den Kritiker:<\/p>\n<p style=\"text-align: justify;\">&#8222;Diese Parallelaktion von Buchdruck und Internet ist ein Quantensprung in der Textedition, denn im Vergleich zur schwerf\u00e4lligen DVD-Ausgabe ist die Online-Version von zauberhafter Agilit\u00e4t. Bereits jetzt kann man dort den &#8218;Lesetext&#8216; der ersten beiden B\u00e4nde des Romans &#8218;Der Mann ohne Eigenschaften&#8216; finden, sowie Kommentare zu den Varianten fr\u00fcherer Editionen und Faksimiles der gesamten Erstausgabe von 1930. Diese sind von so bildsch\u00f6ner Qualit\u00e4t, dass sie sogar auf einem Smartphone zu lesen sind. Und auf einem guten Monitor meint man beinahe, das edle Original zu riechen und zu ertasten.&#8220;<\/p>\n<p style=\"text-align: center;\">***<\/p>\n<p style=\"text-align: justify;\">Robert Musil &#8211;&nbsp; Gesamtausgabe in zw\u00f6lf B\u00e4nden, Jung und Jung<\/p>\n","protected":false},"excerpt":{"rendered":"<p>Wenn es aber Wirklichkeitssinn gibt, und niemand wird bezweifeln, da\u00df er seine Daseinsberechtigung hat, dann mu\u00df es auch etwas geben, das man M\u00f6glichkeitssinn nennen kann. &nbsp; Mit einem neu geschaffenen Internetportal ist das Werk von Robert Musil online recherchierbar. Das&hellip;<\/p>\n<p class=\"more-link-p\"><a class=\"more-link\" href=\"http:\/\/www.editiondaslabor.de\/blog\/2017\/02\/01\/robert-musil-geht-online\/\">Read more &rarr;<\/a><\/p>\n","protected":false},"author":257,"featured_media":0,"comment_status":"closed","ping_status":"open","sticky":false,"template":"","format":"standard","meta":{"footnotes":""},"categories":[1],"tags":[415],"class_list":["post-37437","post","type-post","status-publish","format-standard","hentry","category-literatur","tag-robert-musil"],"_links":{"self":[{"href":"http:\/\/www.editiondaslabor.de\/blog\/wp-json\/wp\/v2\/posts\/37437","targetHints":{"allow":["GET"]}}],"collection":[{"href":"http:\/\/www.editiondaslabor.de\/blog\/wp-json\/wp\/v2\/posts"}],"about":[{"href":"http:\/\/www.editiondaslabor.de\/blog\/wp-json\/wp\/v2\/types\/post"}],"author":[{"embeddable":true,"href":"http:\/\/www.editiondaslabor.de\/blog\/wp-json\/wp\/v2\/users\/257"}],"replies":[{"embeddable":true,"href":"http:\/\/www.editiondaslabor.de\/blog\/wp-json\/wp\/v2\/comments?post=37437"}],"version-history":[{"count":0,"href":"http:\/\/www.editiondaslabor.de\/blog\/wp-json\/wp\/v2\/posts\/37437\/revisions"}],"wp:attachment":[{"href":"http:\/\/www.editiondaslabor.de\/blog\/wp-json\/wp\/v2\/media?parent=37437"}],"wp:term":[{"taxonomy":"category","embeddable":true,"href":"http:\/\/www.editiondaslabor.de\/blog\/wp-json\/wp\/v2\/categories?post=37437"},{"taxonomy":"post_tag","embeddable":true,"href":"http:\/\/www.editiondaslabor.de\/blog\/wp-json\/wp\/v2\/tags?post=37437"}],"curies":[{"name":"wp","href":"https:\/\/api.w.org\/{rel}","templated":true}]}}