{"id":37323,"date":"2011-04-03T00:01:51","date_gmt":"2011-04-02T22:01:51","guid":{"rendered":"http:\/\/www.editiondaslabor.de\/blog\/?p=37323"},"modified":"2021-10-25T16:48:46","modified_gmt":"2021-10-25T14:48:46","slug":"endlich-auch-immer-schon","status":"publish","type":"post","link":"http:\/\/www.editiondaslabor.de\/blog\/2011\/04\/03\/endlich-auch-immer-schon\/","title":{"rendered":"Endlich auch : Immer schon"},"content":{"rendered":"<p style=\"text-align: right;\"><span style=\"color: #999999;\"><b><span class=\"Apple-style-span\" style=\"font-weight: normal;\">\u00a0<\/span><\/b><i>Gedankengedicht zum Thema Lebensbetrachtung von erasmus<\/i><\/span><\/p>\n<p style=\"text-align: right;\"><span style=\"color: #888888;\">\u00a0<\/span><\/p>\n<p>Endlich auch in Freiheit zu gr\u00f6\u00dftem Gl\u00fcck sich dr\u00e4ngen lassen<\/p>\n<p>Endlich auch im Inneren die lauten Rufe nicht mehr h\u00f6ren<\/p>\n<p>Endlich auch die Wahrheiten r\u00fccksichtslos sich sichern<\/p>\n<p>Endlich auch die Blicke der Anderen vernichten<\/p>\n<p>Endlich auch das bunte Spiel des Lebens<\/p>\n<p>&nbsp;<\/p>\n<p>Endlich auch beenden.<\/p>\n<p>&nbsp;<\/p>\n<p><b>\u00a0<\/b><\/p>\n<p style=\"text-align: justify;\"><b>Bergmann<\/b>: Bittere Aphorismen-Eskalation &#8230; Schwer zu deuten als Gesamtes. (Und wie soll Nr. 3 funktionieren?)<\/p>\n<p style=\"text-align: justify;\"><b>erasmus<\/b>: Der erste Halbsatz deiner Meinungs\u00e4u\u00dferung trifft meine Intention, eine bittere Aphorismen-Eskalation bis zum Ende mit abnehmender Versl\u00e4nge. Auch hier die ganze Welt der Gegens\u00e4tze. Zu Nr. 3: Wahrheiten sind doch eigentlich immer nur das, was man f\u00fcr wahr h\u00e4lt. Dieses F\u00fcr-wahr-Halten wird ohne R\u00fccksicht auf die Wahrheit als Wahrheit behauptet. &#8211; Mehr ist nicht, weniger auch nicht.<\/p>\n<p style=\"text-align: justify;\"><b>Bergmann<\/b>: Dann meint Nr. 3 den Selbstbetrug, der nolens volens, bewusst oder unbewusst geschieht; wir sind ja gezwungen, wenn wir \u201asinnvoll\u2019 leben wollen, Wahrheiten zu \u201aglauben\u2019, wir brauchen Thesen, um nicht im Wahnsinn zu enden? Auch der Gaube an die Unglaublichkeit aller f\u00fcr Wahrheiten gehaltenen S\u00e4tze ist ja unglaublich. Was tun? Leben als ob?<\/p>\n<p style=\"text-align: justify;\"><b>erasmus<\/b>: Nicht WIR sind das Problem. Du hast ja recht, wir brauchen unsere Wahrheiten, an die zu glauben sinnvoll ist. Der Wahnsinn steckt nicht im Einzelnen, sondern im System. Der Einzelne ist einem Meinungsterror ausgesetzt. Ihm wird von den Medien, den Politikern und Vielen, die sich f\u00fcr wichtig halten als Wahrheit verkauft, was nur Meinung ist. Ist es wahr, dass ich gl\u00fccklich sein sollte, weil ich frei entscheiden kann, so zu leben, wie ich es will? Ist es wahr, dass ich nur denke, dass jeder an sich selbst denkt? Ist das nicht ein Leben, als ob das alles wahr w\u00e4re? Ist Paranoia ein Gesellschaftszustand oder der glatte Wahnsinn?<\/p>\n<p style=\"text-align: justify;\"><b>Bergmann<\/b>: Immer schon war die Erschaffung einer \u201aeigenen\u2019 Welt (so gut es eben geht) ein Mittel, um die Welt (wie sie ist) zu ertragen. Es ist der f\u00fcr viele notwendige gesunde Eskapismus, insbesondere f\u00fcr jene, die f\u00fcr eine vita activa nur bedingt taugen, Dichter also, K\u00fcnstler, vielleicht auch Liebende. So gesehen ist Paranoia geradezu ein Beweis f\u00fcr die Gesundheit eines Menschen. In der Tat: Dass wir sterben m\u00fcssen, um gelebt zu haben, das ist der reine Wahnsinn, jedenfalls dann, wenn wir Sinn suchen in dem, was keinen Sinn hat: im Leben. Ergo: Immer schon &#8230;<\/p>\n<p>&nbsp;<\/p>\n<p>&nbsp;<\/p>\n<p style=\"text-align: center;\">***<\/p>\n<p style=\"text-align: justify;\"><strong><a href=\"http:\/\/www.editiondaslabor.de\/blog\/wp-content\/uploads\/2013\/10\/Bergmann.jpg\"><img loading=\"lazy\" decoding=\"async\" class=\"size-medium wp-image-13357 alignleft\" src=\"http:\/\/www.editiondaslabor.de\/blog\/wp-content\/uploads\/2013\/10\/Bergmann-241x300.jpg\" alt=\"\" width=\"241\" height=\"300\" srcset=\"http:\/\/www.editiondaslabor.de\/blog\/wp-content\/uploads\/2013\/10\/Bergmann-241x300.jpg 241w, http:\/\/www.editiondaslabor.de\/blog\/wp-content\/uploads\/2013\/10\/Bergmann.jpg 354w\" sizes=\"auto, (max-width: 241px) 100vw, 241px\" \/><\/a>Weiterf\u00fchrend \u2192<\/strong><\/p>\n<p style=\"text-align: justify;\">Das erste <a href=\"http:\/\/www.editiondaslabor.de\/blog\/2009\/03\/22\/uber-twitteratur\/\">Fazit<\/a> von Ulrich Bergmann zur Twitteratur viel eher skeptisch aus. Er stellte KUNO seine Hypochondrische Aphorismen zur Verf\u00fcgung.\u00a0Zur weiteren Information ein Essay \u00fcber die neue Literaturgattung <a href=\"http:\/\/www.editiondaslabor.de\/blog\/?p=22423\"><em>Twitteratur<\/em><\/a>.<\/p>\n<p>&nbsp;<\/p>\n","protected":false},"excerpt":{"rendered":"<p>\u00a0Gedankengedicht zum Thema Lebensbetrachtung von erasmus \u00a0 Endlich auch in Freiheit zu gr\u00f6\u00dftem Gl\u00fcck sich dr\u00e4ngen lassen Endlich auch im Inneren die lauten Rufe nicht mehr h\u00f6ren Endlich auch die Wahrheiten r\u00fccksichtslos sich sichern Endlich auch die Blicke der Anderen&hellip;<\/p>\n<p class=\"more-link-p\"><a class=\"more-link\" href=\"http:\/\/www.editiondaslabor.de\/blog\/2011\/04\/03\/endlich-auch-immer-schon\/\">Read more &rarr;<\/a><\/p>\n","protected":false},"author":41,"featured_media":13357,"comment_status":"closed","ping_status":"open","sticky":false,"template":"","format":"standard","meta":{"footnotes":""},"categories":[1],"tags":[866],"class_list":["post-37323","post","type-post","status-publish","format-standard","has-post-thumbnail","hentry","category-literatur","tag-ulrich-bergmann"],"_links":{"self":[{"href":"http:\/\/www.editiondaslabor.de\/blog\/wp-json\/wp\/v2\/posts\/37323","targetHints":{"allow":["GET"]}}],"collection":[{"href":"http:\/\/www.editiondaslabor.de\/blog\/wp-json\/wp\/v2\/posts"}],"about":[{"href":"http:\/\/www.editiondaslabor.de\/blog\/wp-json\/wp\/v2\/types\/post"}],"author":[{"embeddable":true,"href":"http:\/\/www.editiondaslabor.de\/blog\/wp-json\/wp\/v2\/users\/41"}],"replies":[{"embeddable":true,"href":"http:\/\/www.editiondaslabor.de\/blog\/wp-json\/wp\/v2\/comments?post=37323"}],"version-history":[{"count":0,"href":"http:\/\/www.editiondaslabor.de\/blog\/wp-json\/wp\/v2\/posts\/37323\/revisions"}],"wp:featuredmedia":[{"embeddable":true,"href":"http:\/\/www.editiondaslabor.de\/blog\/wp-json\/"}],"wp:attachment":[{"href":"http:\/\/www.editiondaslabor.de\/blog\/wp-json\/wp\/v2\/media?parent=37323"}],"wp:term":[{"taxonomy":"category","embeddable":true,"href":"http:\/\/www.editiondaslabor.de\/blog\/wp-json\/wp\/v2\/categories?post=37323"},{"taxonomy":"post_tag","embeddable":true,"href":"http:\/\/www.editiondaslabor.de\/blog\/wp-json\/wp\/v2\/tags?post=37323"}],"curies":[{"name":"wp","href":"https:\/\/api.w.org\/{rel}","templated":true}]}}