{"id":36891,"date":"2003-07-30T00:01:39","date_gmt":"2003-07-29T22:01:39","guid":{"rendered":"http:\/\/www.editiondaslabor.de\/blog\/?p=36891"},"modified":"2022-05-23T06:31:56","modified_gmt":"2022-05-23T04:31:56","slug":"das-hungertuch-fuer-manuel-quero","status":"publish","type":"post","link":"http:\/\/www.editiondaslabor.de\/blog\/2003\/07\/30\/das-hungertuch-fuer-manuel-quero\/","title":{"rendered":"Das Hungertuch f\u00fcr Manuel Quero"},"content":{"rendered":"<p style=\"text-align: right;\"><span style=\"color: #999999;\">Manuel Quero aus Barcelona erh\u00e4lt in Anerkennung seines k\u00fcnstlerischen Werks das Hungertuch f\u00fcr Choreographie 2003<\/span><\/p>\n<div id=\"attachment_95553\" style=\"width: 310px\" class=\"wp-caption alignright\"><img loading=\"lazy\" decoding=\"async\" aria-describedby=\"caption-attachment-95553\" class=\"wp-image-95553 size-medium\" src=\"http:\/\/www.editiondaslabor.de\/blog\/wp-content\/uploads\/2003\/07\/Manuel_Quero-300x221.jpg\" alt=\"\" width=\"300\" height=\"221\" srcset=\"http:\/\/www.editiondaslabor.de\/blog\/wp-content\/uploads\/2003\/07\/Manuel_Quero-300x221.jpg 300w, http:\/\/www.editiondaslabor.de\/blog\/wp-content\/uploads\/2003\/07\/Manuel_Quero-500x368.jpg 500w, http:\/\/www.editiondaslabor.de\/blog\/wp-content\/uploads\/2003\/07\/Manuel_Quero-160x118.jpg 160w, http:\/\/www.editiondaslabor.de\/blog\/wp-content\/uploads\/2003\/07\/Manuel_Quero.jpg 509w\" sizes=\"auto, (max-width: 300px) 100vw, 300px\" \/><p id=\"caption-attachment-95553\" class=\"wp-caption-text\">Photo: Dieter Meth<\/p><\/div>\n<p style=\"text-align: justify;\">Queros Werke nutzen die Sprache der Folkwangschule und erweitern diese fortw\u00e4hrend in einen typischen Manuel\u2013Gestus. Seine Mischungen verschiedener Musikrichtungen, von quietschendbunter Popmusik hin zu d\u00fcsterer Zw\u00f6lfton\u2013 oder melancholisch\u2013 heiterer Barockmusik stehen in deutlichem Bezug zur Vielfalt der Themen. Wenn innere Denk\u2013 und Seelenprozesse durch \u00c4u\u00dferlichkeiten, durch verspielte Rangeleien dargestellt werden, bleibt dem Betrachter mitten im wildesten Lachen genau dieses im Halse stecken und er f\u00fchlt sich ertappt in seinen eigenen Lebensl\u00fcgen.<br \/>\nDer Choreograph wirft den Mantel des Schweigens \u00fcber die Gelacktheit des Luxus und offenbart auf der Oberfl\u00e4che noch schrecklichere Versuchungen des Hedonismus. Seine Choreographien arbeiten mit unerwarteten Br\u00fcchen und fast kitschig geratende Sequenzen, kontrastieren mit heftigen Gef\u00fchlsausbr\u00fcchen, die Anmut der Bewegung vor Augen f\u00fchren und Abgr\u00fcnde der Menschlichkeit offen legen. Das Spiel der Geschlechter, der Schichten, die Eifers\u00fcchteleien der Menschen, immer zeigt sich untergr\u00fcndig der Wechseltanz zwischen Humor und Ernsthaftigkeit \u2013 ein Augenzwinkern, blau\u00e4ugig, dann ein blaues Auge.<br \/>\nQuero arbeitet meistens multimedial, setzt den Dialog zwischen Mensch und Leinwandprojektion als ein Spiel von Realit\u00e4t und Vorstellung. Er arbeitet mit bildenden K\u00fcnstlern zusammen, schafft so B\u00fchnenbilder, die der Intensit\u00e4t seiner Choreographien einen angemessenen Rahmen geben k\u00f6nnen. Was ist hier eigentlich real?<\/p>\n<p style=\"text-align: right;\">Kasino, M\u00fclheim an der Ruhr, 2003<\/p>\n<p>&nbsp;<\/p>\n<p>&nbsp;<\/p>\n<p>&nbsp;<\/p>\n<p style=\"text-align: justify;\"><strong><img loading=\"lazy\" decoding=\"async\" class=\"alignleft wp-image-1148 size-medium\" src=\"http:\/\/www.editiondaslabor.de\/blog\/wp-content\/uploads\/2012\/02\/hungertuch-230x300.jpg\" alt=\"\" width=\"230\" height=\"300\" srcset=\"http:\/\/www.editiondaslabor.de\/blog\/wp-content\/uploads\/2012\/02\/hungertuch-230x300.jpg 230w, http:\/\/www.editiondaslabor.de\/blog\/wp-content\/uploads\/2012\/02\/hungertuch.jpg 384w\" sizes=\"auto, (max-width: 230px) 100vw, 230px\" \/>Weiterf\u00fchrend\u00a0<\/strong><strong>\u2192\u00a0<\/strong><\/p>\n<p style=\"text-align: justify;\">Im Jahr 2001 wurde mit dem <em>Hungertuch<\/em> vom rheinischen Kunstf\u00f6rderer Ulrich Peters ein K\u00fcnstlerpreis gestiftet, der in den Jahren seines Bestehens von K\u00fcnstlern an K\u00fcnstler verliehen wird. Es gibt im Leben unterschiedliche Formen von Erfolg. Zum einen gibt es die Auszeichnung durch Preise und Stipendien, zum anderen die Anerkennung durch die Kolleginnen und Kollegen. Letzteres manifestiert sich in diesem K\u00fcnstlerpreis.<\/p>\n<p style=\"text-align: justify;\" align=\"right\">Die Dokumentation des Hungertuchpreises ist in der erweiterten Taschenbuchausgabe erschienen:\u00a0 <strong>Twitteratur<\/strong>, Genese einer Literaturgattung. Herausgegeben von Matthias Hagedorn, Edition Das Labor 2019.<\/p>\n<p style=\"text-align: justify;\"><strong>Weiterf\u00fchrend\u00a0\u2192 <\/strong>ein Essay \u00fcber die neue Literaturgattung <a href=\"http:\/\/www.editiondaslabor.de\/blog\/?p=22423\"><em>Twitteratur<\/em><\/a>. Und ein <a href=\"http:\/\/www.editiondaslabor.de\/blog\/2019\/09\/06\/recap-hungertuchpreis\/\">Recap<\/a> des Hungertuchpreises. Eine Liste der bisherigen Preistr\u00e4ger finden Sie <a href=\"http:\/\/www.editiondaslabor.de\/?page_id=368\">hier<\/a>.<\/p>\n<p>&nbsp;<\/p>\n","protected":false},"excerpt":{"rendered":"<p>Manuel Quero aus Barcelona erh\u00e4lt in Anerkennung seines k\u00fcnstlerischen Werks das Hungertuch f\u00fcr Choreographie 2003 Queros Werke nutzen die Sprache der Folkwangschule und erweitern diese fortw\u00e4hrend in einen typischen Manuel\u2013Gestus. Seine Mischungen verschiedener Musikrichtungen, von quietschendbunter Popmusik hin zu d\u00fcsterer&hellip;<\/p>\n<p class=\"more-link-p\"><a class=\"more-link\" href=\"http:\/\/www.editiondaslabor.de\/blog\/2003\/07\/30\/das-hungertuch-fuer-manuel-quero\/\">Read more &rarr;<\/a><\/p>\n","protected":false},"author":4,"featured_media":99694,"comment_status":"closed","ping_status":"open","sticky":false,"template":"","format":"standard","meta":{"footnotes":""},"categories":[1],"tags":[3193,123],"class_list":["post-36891","post","type-post","status-publish","format-standard","has-post-thumbnail","hentry","category-literatur","tag-hungertuch","tag-manuel-quero"],"_links":{"self":[{"href":"http:\/\/www.editiondaslabor.de\/blog\/wp-json\/wp\/v2\/posts\/36891","targetHints":{"allow":["GET"]}}],"collection":[{"href":"http:\/\/www.editiondaslabor.de\/blog\/wp-json\/wp\/v2\/posts"}],"about":[{"href":"http:\/\/www.editiondaslabor.de\/blog\/wp-json\/wp\/v2\/types\/post"}],"author":[{"embeddable":true,"href":"http:\/\/www.editiondaslabor.de\/blog\/wp-json\/wp\/v2\/users\/4"}],"replies":[{"embeddable":true,"href":"http:\/\/www.editiondaslabor.de\/blog\/wp-json\/wp\/v2\/comments?post=36891"}],"version-history":[{"count":1,"href":"http:\/\/www.editiondaslabor.de\/blog\/wp-json\/wp\/v2\/posts\/36891\/revisions"}],"predecessor-version":[{"id":103148,"href":"http:\/\/www.editiondaslabor.de\/blog\/wp-json\/wp\/v2\/posts\/36891\/revisions\/103148"}],"wp:featuredmedia":[{"embeddable":true,"href":"http:\/\/www.editiondaslabor.de\/blog\/wp-json\/wp\/v2\/media\/99694"}],"wp:attachment":[{"href":"http:\/\/www.editiondaslabor.de\/blog\/wp-json\/wp\/v2\/media?parent=36891"}],"wp:term":[{"taxonomy":"category","embeddable":true,"href":"http:\/\/www.editiondaslabor.de\/blog\/wp-json\/wp\/v2\/categories?post=36891"},{"taxonomy":"post_tag","embeddable":true,"href":"http:\/\/www.editiondaslabor.de\/blog\/wp-json\/wp\/v2\/tags?post=36891"}],"curies":[{"name":"wp","href":"https:\/\/api.w.org\/{rel}","templated":true}]}}