{"id":36564,"date":"2011-08-02T00:01:22","date_gmt":"2011-08-01T22:01:22","guid":{"rendered":"http:\/\/www.editiondaslabor.de\/blog\/?p=36564"},"modified":"2024-09-23T16:24:54","modified_gmt":"2024-09-23T14:24:54","slug":"der-fluss-ist-das-gaenzlich-andere-der-membran","status":"publish","type":"post","link":"http:\/\/www.editiondaslabor.de\/blog\/2011\/08\/02\/der-fluss-ist-das-gaenzlich-andere-der-membran\/","title":{"rendered":"Der Fluss ist das g\u00e4nzlich andere der Membran"},"content":{"rendered":"<p>&nbsp;<\/p>\n<p style=\"text-align: justify;\">Der Fluss ist das g\u00e4nzlich andere der Membran. Die Membran ist das g\u00e4nzlich andere des Flusses.<\/p>\n<p style=\"text-align: justify;\">Aber Membran setzt Fluss, Fluss setzt Membran immer schon voraus. Als untrennbare Verbundenheit geh\u00f6ren beide zu den Erm\u00f6glichungsbedingungen von Kosmos, also von Ordnung.<\/p>\n<p style=\"text-align: justify;\">Die Membran trennt, aber durch eine Membran hindurch wird geflossen. Der Fluss verbindet, aber durch den Fluss hindurch wird getrennt.<\/p>\n<p style=\"text-align: justify;\">Diese Verbundenheit Fluss\/Membran \u2013 Membran\/Fluss setzt bereits einen Raum voraus, aber sie eignet sich auch als Definierendes f\u00fcr Raum.<\/p>\n<p>&nbsp;<\/p>\n<p>&nbsp;<\/p>\n<p style=\"text-align: center;\">***<\/p>\n<div id=\"attachment_106373\" style=\"width: 2570px\" class=\"wp-caption aligncenter\"><img loading=\"lazy\" decoding=\"async\" aria-describedby=\"caption-attachment-106373\" class=\"wp-image-106373 size-full\" src=\"http:\/\/www.editiondaslabor.de\/blog\/wp-content\/uploads\/2011\/02\/Maeander_Klaus-Krumscheid-scaled.jpeg\" alt=\"\" width=\"2560\" height=\"912\" \/><p id=\"caption-attachment-106373\" class=\"wp-caption-text\">Ein k\u00fcnstlerischer Blick auf Rheinkilometer 630. Ein M\u00e4ander von Klaus Krumscheid.<\/p><\/div>\n<p><strong><span style=\"font-size: 11.0pt; font-family: 'Verdana',sans-serif;\">Rheintor, Linz \u2013 Anno Domini 2011<\/span><\/strong><span style=\"font-size: 11.0pt; font-family: 'Verdana',sans-serif;\">, Edition Das Labor 2011. \u2013 Limitierte und handsignierte Auflage von 100 Exemplaren. \u2013 Dem Exemplar 1 \u2013 50 liegt ein Holzschnitt von Haimo Hieronymus bei.<\/span><\/p>\n<p><strong><span style=\"font-size: 11.0pt; font-family: 'Verdana',sans-serif;\">Weiterf\u00fchrend <\/span><\/strong><strong><span style=\"font-size: 11.0pt; font-family: 'Arial',sans-serif;\">\u2192<\/span><\/strong><span style=\"font-size: 11.0pt; font-family: 'Verdana',sans-serif;\"> Bei KUNO pr\u00e4sentieren wir Essays \u00fcber den Zwischenraum von Denken und Dichten, wobei das Denken von der Sprache kaum zu l\u00f6sen ist. Einen Essay zur Rheintorreihe finden Sie <\/span><a href=\"http:\/\/www.editiondaslabor.de\/blog\/2011\/12\/10\/rheintor-revisited\/\"><span style=\"font-size: 11.0pt; font-family: 'Verdana',sans-serif;\">hier<\/span><\/a><span style=\"font-size: 11.0pt; font-family: 'Verdana',sans-serif;\">.<\/span><\/p>\n<p><strong><span style=\"font-size: 11.0pt; font-family: 'Arial',sans-serif;\">\u2192<\/span><\/strong><span style=\"font-size: 11.0pt; font-family: 'Verdana',sans-serif;\"> Lesen Sie auch KUNOs <\/span><a href=\"http:\/\/www.editiondaslabor.de\/blog\/2013\/12\/10\/zur-gattung-essay\/\"><span style=\"font-size: 11.0pt; font-family: 'Verdana',sans-serif;\">Hommage<\/span><\/a><span style=\"font-size: 11.0pt; font-family: 'Verdana',sans-serif;\"> an die Gattung des Essays.<\/span><\/p>\n","protected":false},"excerpt":{"rendered":"<p>&nbsp; Der Fluss ist das g\u00e4nzlich andere der Membran. Die Membran ist das g\u00e4nzlich andere des Flusses. Aber Membran setzt Fluss, Fluss setzt Membran immer schon voraus. Als untrennbare Verbundenheit geh\u00f6ren beide zu den Erm\u00f6glichungsbedingungen von Kosmos, also von Ordnung.&hellip;<\/p>\n<p class=\"more-link-p\"><a class=\"more-link\" href=\"http:\/\/www.editiondaslabor.de\/blog\/2011\/08\/02\/der-fluss-ist-das-gaenzlich-andere-der-membran\/\">Read more &rarr;<\/a><\/p>\n","protected":false},"author":35,"featured_media":106373,"comment_status":"closed","ping_status":"open","sticky":false,"template":"","format":"standard","meta":{"footnotes":""},"categories":[1],"tags":[86,48,4397],"class_list":["post-36564","post","type-post","status-publish","format-standard","has-post-thumbnail","hentry","category-literatur","tag-joachim-paul","tag-klaus-krumscheid","tag-rheintor"],"_links":{"self":[{"href":"http:\/\/www.editiondaslabor.de\/blog\/wp-json\/wp\/v2\/posts\/36564","targetHints":{"allow":["GET"]}}],"collection":[{"href":"http:\/\/www.editiondaslabor.de\/blog\/wp-json\/wp\/v2\/posts"}],"about":[{"href":"http:\/\/www.editiondaslabor.de\/blog\/wp-json\/wp\/v2\/types\/post"}],"author":[{"embeddable":true,"href":"http:\/\/www.editiondaslabor.de\/blog\/wp-json\/wp\/v2\/users\/35"}],"replies":[{"embeddable":true,"href":"http:\/\/www.editiondaslabor.de\/blog\/wp-json\/wp\/v2\/comments?post=36564"}],"version-history":[{"count":2,"href":"http:\/\/www.editiondaslabor.de\/blog\/wp-json\/wp\/v2\/posts\/36564\/revisions"}],"predecessor-version":[{"id":106374,"href":"http:\/\/www.editiondaslabor.de\/blog\/wp-json\/wp\/v2\/posts\/36564\/revisions\/106374"}],"wp:featuredmedia":[{"embeddable":true,"href":"http:\/\/www.editiondaslabor.de\/blog\/wp-json\/wp\/v2\/media\/106373"}],"wp:attachment":[{"href":"http:\/\/www.editiondaslabor.de\/blog\/wp-json\/wp\/v2\/media?parent=36564"}],"wp:term":[{"taxonomy":"category","embeddable":true,"href":"http:\/\/www.editiondaslabor.de\/blog\/wp-json\/wp\/v2\/categories?post=36564"},{"taxonomy":"post_tag","embeddable":true,"href":"http:\/\/www.editiondaslabor.de\/blog\/wp-json\/wp\/v2\/tags?post=36564"}],"curies":[{"name":"wp","href":"https:\/\/api.w.org\/{rel}","templated":true}]}}