{"id":35516,"date":"2024-08-29T00:01:48","date_gmt":"2024-08-28T22:01:48","guid":{"rendered":"http:\/\/www.editiondaslabor.de\/blog\/?p=35516"},"modified":"2022-12-31T14:47:43","modified_gmt":"2022-12-31T13:47:43","slug":"wuestung","status":"publish","type":"post","link":"http:\/\/www.editiondaslabor.de\/blog\/2024\/08\/29\/wuestung\/","title":{"rendered":"W\u00dcSTUNG"},"content":{"rendered":"<p>&nbsp;<\/p>\n<p>&nbsp;<\/p>\n<p style=\"text-align: center;\">\n<p style=\"text-align: center;\">liegt ein findling noch wo einst der feldweg abbog<\/p>\n<p style=\"text-align: center;\">f\u00fchren stra\u00dfe und schienen hinweg \u00fcber die w\u00fcstung<\/p>\n<p style=\"text-align: center;\">blieb ein teich nur vom dorf wie anderswo brunnen oder turm<\/p>\n<p style=\"text-align: center;\">\u00fcber der erde und vom leben ger\u00f6ll unter den f\u00fc\u00dfen<\/p>\n<p style=\"text-align: center;\">\u00a0tr\u00e4nkt niemand mehr tiere im t\u00fcmpel f\u00e4llt weiter regen<\/p>\n<p style=\"text-align: center;\">\u00a0in die vertiefung der landschaft verlandet das gew\u00e4sser nicht<\/p>\n<p style=\"text-align: center;\">\u00a0weht unstet wind dar\u00fcber in heller mondnacht t\u00f6nen klagelaute<\/p>\n<p style=\"text-align: center;\">dumpf und heiser aus der tiefe l\u00e4uten glocken erscheinen h\u00e4user<\/p>\n<p style=\"text-align: center;\">\u00a0versunken am grund wie linien und punkte haben wir zuletzt<\/p>\n<p style=\"text-align: center;\">\u00a0alle gelebt auf einem fr\u00fcheren planeten bleibt viel erspart<\/p>\n<p style=\"text-align: center;\">den ungeborenen die sp\u00e4ter wieder kinder zeugen k\u00f6nnen<\/p>\n<p style=\"text-align: center;\">denn seelen fliegen rings umher als schmetterlinge<\/p>\n<p style=\"text-align: center;\">und seelenlose k\u00f6rper gibt es hier wie sand am meer<\/p>\n<p>&nbsp;<\/p>\n<p>&nbsp;<\/p>\n<p style=\"text-align: center;\">* * *<\/p>\n<p style=\"text-align: justify;\"><strong>Gedichte nach Sagen aus B\u00f6rde und Altmark<\/strong>, von Holger Benkel, 2024<\/p>\n<div id=\"attachment_100367\" style=\"width: 236px\" class=\"wp-caption alignleft\"><img loading=\"lazy\" decoding=\"async\" aria-describedby=\"caption-attachment-100367\" class=\"size-full wp-image-100367\" src=\"http:\/\/www.editiondaslabor.de\/blog\/wp-content\/uploads\/2022\/12\/Bru\u0308der-Grimm-e1645725260502.jpg\" alt=\"\" width=\"226\" height=\"300\" \/><p id=\"caption-attachment-100367\" class=\"wp-caption-text\">Wilhelm and Jacob Grimm, 1847; daguerreotype von Hermann Blow<\/p><\/div>\n<h5 style=\"text-align: justify;\"><strong>Weiterf\u00fchrend <\/strong>\u2192<\/h5>\n<p style=\"text-align: justify;\">Auf KUNO portr\u00e4tierte Holger Benkel die <a href=\"http:\/\/www.editiondaslabor.de\/blog\/?p=11282\">Br\u00fcder Grimm<\/a>.\u00a0Wir begreifen die Gattung des Essays auf KUNO als eine <a href=\"http:\/\/www.editiondaslabor.de\/blog\/2013\/12\/10\/zur-gattung-essay\/\">Versuchsanordnung<\/a>, undogmatisch, subjektiv, experimentell, ergebnisoffen. Was den <a href=\"http:\/\/www.editiondaslabor.de\/blog\/?p=21478\">Rezensionsessays<\/a> von Holger Benkel die \u00dcberzeugungskraft verleiht, ist die philosophische Anstrengung, denen er sein Material unterwirft.<\/p>\n<p style=\"text-align: justify;\">Holger Benkels <a href=\"http:\/\/www.editiondaslabor.de\/blog\/?p=10304\"><em>Gedanken, die um Ecken biegen<\/em><\/a> gehen weiter als der geschriebene Text; sie sind kein Ende, sondern ein Anfang. Sie versuchen, diesen kleinen Rest an Sprache etwas aufzuhellen, und wagen es seine R\u00e4nder verstehbar zu machen.<\/p>\n<p style=\"text-align: justify;\">Holger Benkel beweist als Lyriker in seinem Band <a href=\"http:\/\/www.editiondaslabor.de\/blog\/?p=29369\"><em>Seelenland<\/em><\/a> ein Gesp\u00fcr f\u00fcr das Unvertraute im Vertrauten, das Unheimliche des Allt\u00e4glichen, das Scheinhafte des Realen.<\/p>\n","protected":false},"excerpt":{"rendered":"<p>&nbsp; &nbsp; liegt ein findling noch wo einst der feldweg abbog f\u00fchren stra\u00dfe und schienen hinweg \u00fcber die w\u00fcstung blieb ein teich nur vom dorf wie anderswo brunnen oder turm \u00fcber der erde und vom leben ger\u00f6ll unter den f\u00fc\u00dfen&hellip;<\/p>\n<p class=\"more-link-p\"><a class=\"more-link\" href=\"http:\/\/www.editiondaslabor.de\/blog\/2024\/08\/29\/wuestung\/\">Read more &rarr;<\/a><\/p>\n","protected":false},"author":36,"featured_media":100367,"comment_status":"closed","ping_status":"open","sticky":false,"template":"","format":"standard","meta":{"footnotes":""},"categories":[1],"tags":[94],"class_list":["post-35516","post","type-post","status-publish","format-standard","has-post-thumbnail","hentry","category-literatur","tag-holger-benkel"],"_links":{"self":[{"href":"http:\/\/www.editiondaslabor.de\/blog\/wp-json\/wp\/v2\/posts\/35516","targetHints":{"allow":["GET"]}}],"collection":[{"href":"http:\/\/www.editiondaslabor.de\/blog\/wp-json\/wp\/v2\/posts"}],"about":[{"href":"http:\/\/www.editiondaslabor.de\/blog\/wp-json\/wp\/v2\/types\/post"}],"author":[{"embeddable":true,"href":"http:\/\/www.editiondaslabor.de\/blog\/wp-json\/wp\/v2\/users\/36"}],"replies":[{"embeddable":true,"href":"http:\/\/www.editiondaslabor.de\/blog\/wp-json\/wp\/v2\/comments?post=35516"}],"version-history":[{"count":3,"href":"http:\/\/www.editiondaslabor.de\/blog\/wp-json\/wp\/v2\/posts\/35516\/revisions"}],"predecessor-version":[{"id":104386,"href":"http:\/\/www.editiondaslabor.de\/blog\/wp-json\/wp\/v2\/posts\/35516\/revisions\/104386"}],"wp:featuredmedia":[{"embeddable":true,"href":"http:\/\/www.editiondaslabor.de\/blog\/wp-json\/wp\/v2\/media\/100367"}],"wp:attachment":[{"href":"http:\/\/www.editiondaslabor.de\/blog\/wp-json\/wp\/v2\/media?parent=35516"}],"wp:term":[{"taxonomy":"category","embeddable":true,"href":"http:\/\/www.editiondaslabor.de\/blog\/wp-json\/wp\/v2\/categories?post=35516"},{"taxonomy":"post_tag","embeddable":true,"href":"http:\/\/www.editiondaslabor.de\/blog\/wp-json\/wp\/v2\/tags?post=35516"}],"curies":[{"name":"wp","href":"https:\/\/api.w.org\/{rel}","templated":true}]}}