{"id":34531,"date":"2016-09-20T00:01:24","date_gmt":"2016-09-19T22:01:24","guid":{"rendered":"http:\/\/www.editiondaslabor.de\/blog\/?p=34531"},"modified":"2022-02-28T10:09:35","modified_gmt":"2022-02-28T09:09:35","slug":"angewandte-twitteratur","status":"publish","type":"post","link":"http:\/\/www.editiondaslabor.de\/blog\/2016\/09\/20\/angewandte-twitteratur\/","title":{"rendered":"Angewandte Twitteratur"},"content":{"rendered":"<p>&nbsp;<\/p>\n<p style=\"text-align: left;\">Licht ist ein Werkstoff, den man vorsichtig einsetzen muss.<\/p>\n<p>&nbsp;<\/p>\n<p>&nbsp;<\/p>\n<p>&nbsp;<\/p>\n<p style=\"text-align: center;\">\u00a0***<\/p>\n<div id=\"attachment_101176\" style=\"width: 210px\" class=\"wp-caption alignleft\"><img loading=\"lazy\" decoding=\"async\" aria-describedby=\"caption-attachment-101176\" class=\"size-full wp-image-101176\" src=\"http:\/\/www.editiondaslabor.de\/blog\/wp-content\/uploads\/2016\/09\/MischaKuball-scaled-e1646039304379.jpg\" alt=\"\" width=\"200\" height=\"300\" \/><p id=\"caption-attachment-101176\" class=\"wp-caption-text\">Mischa Kuball. Photo: Daniel Biskup, Wittenberg<\/p><\/div>\n<p style=\"text-align: justify;\"><strong>Twitteratur<\/strong>, eine Anthologie. Erweiterte Taschenbuchausgabe mit der Dokumentation des Hungertuchpreises. Herausgegeben von Matthias Hagedorn, Edition Das Labor 2016.<\/p>\n<p style=\"text-align: justify;\"><strong>Weiterf\u00fchrend\u00a0\u2192 <\/strong>ein Essay \u00fcber die neue Literaturgattung <a href=\"http:\/\/www.editiondaslabor.de\/blog\/?p=22423\"><em>Twitteratur<\/em><\/a>, sowie ein <a href=\"http:\/\/www.editiondaslabor.de\/blog\/2019\/09\/06\/recap-hungertuchpreis\/\">Recap<\/a> des Hungertuchpreises.<\/p>\n<p style=\"text-align: justify;\"><strong>\u2192 <\/strong>Lesen Sie im Rahmen der <i>public preposition\u00a0<\/i>ein\u00a0Gespr\u00e4ch zwischen Vanessa Joan M\u00fcller und Mischa Kuball \u00fcber <a href=\"http:\/\/www.editiondaslabor.de\/blog\/?p=33030\">\u00f6ffentliche Beziehungen<\/a>. Gleichfalls empfehlenswert das <a href=\"http:\/\/www.editiondaslabor.de\/blog\/?p=8632\">Ateliergespr\u00e4ch<\/a> von Prof. Dr. Matei Chihaia mit Mischa Kuball.<\/p>\n<p style=\"text-align: justify;\">\n<p style=\"text-align: justify;\">\n<p style=\"text-align: justify;\">\n","protected":false},"excerpt":{"rendered":"<p>&nbsp; Licht ist ein Werkstoff, den man vorsichtig einsetzen muss. &nbsp; &nbsp; &nbsp; \u00a0*** Twitteratur, eine Anthologie. Erweiterte Taschenbuchausgabe mit der Dokumentation des Hungertuchpreises. Herausgegeben von Matthias Hagedorn, Edition Das Labor 2016. Weiterf\u00fchrend\u00a0\u2192 ein Essay \u00fcber die neue Literaturgattung Twitteratur,&hellip;<\/p>\n<p class=\"more-link-p\"><a class=\"more-link\" href=\"http:\/\/www.editiondaslabor.de\/blog\/2016\/09\/20\/angewandte-twitteratur\/\">Read more &rarr;<\/a><\/p>\n","protected":false},"author":32,"featured_media":101176,"comment_status":"closed","ping_status":"open","sticky":false,"template":"","format":"standard","meta":{"footnotes":""},"categories":[1],"tags":[49],"class_list":["post-34531","post","type-post","status-publish","format-standard","has-post-thumbnail","hentry","category-literatur","tag-mischa-kuball"],"_links":{"self":[{"href":"http:\/\/www.editiondaslabor.de\/blog\/wp-json\/wp\/v2\/posts\/34531","targetHints":{"allow":["GET"]}}],"collection":[{"href":"http:\/\/www.editiondaslabor.de\/blog\/wp-json\/wp\/v2\/posts"}],"about":[{"href":"http:\/\/www.editiondaslabor.de\/blog\/wp-json\/wp\/v2\/types\/post"}],"author":[{"embeddable":true,"href":"http:\/\/www.editiondaslabor.de\/blog\/wp-json\/wp\/v2\/users\/32"}],"replies":[{"embeddable":true,"href":"http:\/\/www.editiondaslabor.de\/blog\/wp-json\/wp\/v2\/comments?post=34531"}],"version-history":[{"count":2,"href":"http:\/\/www.editiondaslabor.de\/blog\/wp-json\/wp\/v2\/posts\/34531\/revisions"}],"predecessor-version":[{"id":101177,"href":"http:\/\/www.editiondaslabor.de\/blog\/wp-json\/wp\/v2\/posts\/34531\/revisions\/101177"}],"wp:featuredmedia":[{"embeddable":true,"href":"http:\/\/www.editiondaslabor.de\/blog\/wp-json\/wp\/v2\/media\/101176"}],"wp:attachment":[{"href":"http:\/\/www.editiondaslabor.de\/blog\/wp-json\/wp\/v2\/media?parent=34531"}],"wp:term":[{"taxonomy":"category","embeddable":true,"href":"http:\/\/www.editiondaslabor.de\/blog\/wp-json\/wp\/v2\/categories?post=34531"},{"taxonomy":"post_tag","embeddable":true,"href":"http:\/\/www.editiondaslabor.de\/blog\/wp-json\/wp\/v2\/tags?post=34531"}],"curies":[{"name":"wp","href":"https:\/\/api.w.org\/{rel}","templated":true}]}}