{"id":33836,"date":"2024-03-14T00:01:29","date_gmt":"2024-03-13T23:01:29","guid":{"rendered":"http:\/\/www.editiondaslabor.de\/blog\/?p=33836"},"modified":"2022-02-23T16:25:49","modified_gmt":"2022-02-23T15:25:49","slug":"credo-2","status":"publish","type":"post","link":"http:\/\/www.editiondaslabor.de\/blog\/2024\/03\/14\/credo-2\/","title":{"rendered":"Credo"},"content":{"rendered":"<p>&nbsp;<\/p>\n<p>Ich habe keine die Welt erl\u00f6senden Pl\u00e4ne.<\/p>\n<p>Ich will niemand vorm immergewesenen Tod retten wollen.<\/p>\n<p>Lieber noch stelle ich mich zur Menge der speienden Kr\u00fcppel.<\/p>\n<p>Ich mache mir nichts vor: Das Wort bleibt ohne Verstand.<\/p>\n<p>Die Zunge beschmutzt und verr\u00e4t mich.<\/p>\n<p>&nbsp;<\/p>\n<p>&nbsp;<\/p>\n<p>&nbsp;<\/p>\n<p style=\"text-align: center;\">***<\/p>\n<p class=\"hide-if-no-js\" style=\"text-align: justify;\"><span data-offset-key=\"7mk8t-0-0\"><a href=\"http:\/\/www.editiondaslabor.de\/blog\/wp-content\/uploads\/2021\/03\/LyrikHeft_27_Titel.jpg\"><img loading=\"lazy\" decoding=\"async\" class=\"alignleft wp-image-79632 size-medium\" src=\"http:\/\/www.editiondaslabor.de\/blog\/wp-content\/uploads\/2021\/03\/LyrikHeft_27_Titel-174x300.jpg\" alt=\"\" width=\"174\" height=\"300\" srcset=\"http:\/\/www.editiondaslabor.de\/blog\/wp-content\/uploads\/2021\/03\/LyrikHeft_27_Titel-174x300.jpg 174w, http:\/\/www.editiondaslabor.de\/blog\/wp-content\/uploads\/2021\/03\/LyrikHeft_27_Titel-260x450.jpg 260w, http:\/\/www.editiondaslabor.de\/blog\/wp-content\/uploads\/2021\/03\/LyrikHeft_27_Titel-160x277.jpg 160w, http:\/\/www.editiondaslabor.de\/blog\/wp-content\/uploads\/2021\/03\/LyrikHeft_27_Titel.jpg 347w\" sizes=\"auto, (max-width: 174px) 100vw, 174px\" \/><\/a>W<\/span>eit davon entfernt als Preussischer Ikarus abzust\u00fcrzen verf\u00fcgt Hans Ulrich Prautzsch \u00fcber eine abgehangene L\u00e4ssigkeit im Bluesschema. Man mag ihn sich vorstellen, wie er zur blauen Stunde in Caf\u00e9s und Kneipen sitzt und sich Situationen f\u00fcr sp\u00e4tere Notizen vormerkt. Ges\u00e4ttigt vom Leben kommen diese Gedichte daher. Der Leser begibt sich mit diesen Gedichten an Orte, die von der so genannten Pop-Lyrik nicht aufgesucht wird.<\/p>\n<div data-contents=\"true\">\n<div class=\"\" data-block=\"true\" data-editor=\"8nbkd\" data-offset-key=\"7mk8t-0-0\">\n<div data-offset-key=\"7mk8t-0-0\">\n<p class=\"hide-if-no-js\" style=\"text-align: justify;\"><strong>Weiterf\u00fchrend <\/strong><strong>\u2192\u00a0<\/strong><\/p>\n<p style=\"text-align: justify;\"><span data-offset-key=\"7mk8t-0-0\">Holger<\/span><span data-offset-key=\"7mk8t-1-0\"> Benkel stellt auf KUNO das &#8222;Lyrik Heft 27&#8220;, von Hans-Ulrich Prautzsch <a href=\"http:\/\/www.editiondaslabor.de\/blog\/2021\/03\/25\/gedichte-aus-der-kranken-menschenwelt\/\">vor<\/a>.<\/span><\/p>\n<p style=\"text-align: justify;\">KUNO widmet dem Gedicht auch in diesem Jahr den genauen Blick, das aufmerksame, geduldige, ins Denken gedrehte Lesen und Wiederlesen, dies bezeugte auch der Versuch einer <a href=\"http:\/\/www.editiondaslabor.de\/blog\/?p=25630\">poetologischen Positionsbestimmung<\/a>.<\/p>\n<\/div>\n<\/div>\n<\/div>\n","protected":false},"excerpt":{"rendered":"<p>&nbsp; Ich habe keine die Welt erl\u00f6senden Pl\u00e4ne. Ich will niemand vorm immergewesenen Tod retten wollen. Lieber noch stelle ich mich zur Menge der speienden Kr\u00fcppel. Ich mache mir nichts vor: Das Wort bleibt ohne Verstand. Die Zunge beschmutzt und&hellip;<\/p>\n<p class=\"more-link-p\"><a class=\"more-link\" href=\"http:\/\/www.editiondaslabor.de\/blog\/2024\/03\/14\/credo-2\/\">Read more &rarr;<\/a><\/p>\n","protected":false},"author":155,"featured_media":98207,"comment_status":"closed","ping_status":"open","sticky":false,"template":"","format":"standard","meta":{"footnotes":""},"categories":[1],"tags":[1002],"class_list":["post-33836","post","type-post","status-publish","format-standard","has-post-thumbnail","hentry","category-literatur","tag-hans-ulrich-prautzsch"],"_links":{"self":[{"href":"http:\/\/www.editiondaslabor.de\/blog\/wp-json\/wp\/v2\/posts\/33836","targetHints":{"allow":["GET"]}}],"collection":[{"href":"http:\/\/www.editiondaslabor.de\/blog\/wp-json\/wp\/v2\/posts"}],"about":[{"href":"http:\/\/www.editiondaslabor.de\/blog\/wp-json\/wp\/v2\/types\/post"}],"author":[{"embeddable":true,"href":"http:\/\/www.editiondaslabor.de\/blog\/wp-json\/wp\/v2\/users\/155"}],"replies":[{"embeddable":true,"href":"http:\/\/www.editiondaslabor.de\/blog\/wp-json\/wp\/v2\/comments?post=33836"}],"version-history":[{"count":1,"href":"http:\/\/www.editiondaslabor.de\/blog\/wp-json\/wp\/v2\/posts\/33836\/revisions"}],"predecessor-version":[{"id":99981,"href":"http:\/\/www.editiondaslabor.de\/blog\/wp-json\/wp\/v2\/posts\/33836\/revisions\/99981"}],"wp:featuredmedia":[{"embeddable":true,"href":"http:\/\/www.editiondaslabor.de\/blog\/wp-json\/wp\/v2\/media\/98207"}],"wp:attachment":[{"href":"http:\/\/www.editiondaslabor.de\/blog\/wp-json\/wp\/v2\/media?parent=33836"}],"wp:term":[{"taxonomy":"category","embeddable":true,"href":"http:\/\/www.editiondaslabor.de\/blog\/wp-json\/wp\/v2\/categories?post=33836"},{"taxonomy":"post_tag","embeddable":true,"href":"http:\/\/www.editiondaslabor.de\/blog\/wp-json\/wp\/v2\/tags?post=33836"}],"curies":[{"name":"wp","href":"https:\/\/api.w.org\/{rel}","templated":true}]}}