{"id":33748,"date":"2016-08-21T00:01:56","date_gmt":"2016-08-20T22:01:56","guid":{"rendered":"http:\/\/www.editiondaslabor.de\/blog\/?p=33748"},"modified":"2022-02-23T12:12:32","modified_gmt":"2022-02-23T11:12:32","slug":"idyll","status":"publish","type":"post","link":"http:\/\/www.editiondaslabor.de\/blog\/2016\/08\/21\/idyll\/","title":{"rendered":"Idyll"},"content":{"rendered":"<p>&nbsp;<\/p>\n<p style=\"text-align: justify;\">Es mu\u00df gegen zehn gewesen sein, als ich begann, \u00fcber die alten S\u00e4cke abzul\u00e4stern, die immer im Sessel einschliefen und keinen Fernsehabend geschweige denn die Besch\u00e4lung ihrer Alten durchhielten. Als ich erwachte, war es halb zwei, die Frau war im Bett, und ich hatte mir den Hals f\u00fcrchterlich an der Lehne verrenkt. Es passierte, was passieren mu\u00dfte: ich lag in der Kiste, neben dem schnorchelnden Weibsbild, und war hellwach. Auch dar\u00fcber hatte ich mich lustig gemacht, dreieinhalb Stunden zuvor. An die M\u00f6glichkeit, da\u00df die Frau wachwerden und etwas von mir wollen k\u00f6nnte, wagte ich nicht zu denken. Ich verdr\u00e4ngte die dummen Gedanken, furzte noch ein bi\u00dfchen vor mich hin und schlief zwei, drei Stunden \u2013 am Morgen verfluchte ich die alten Kerle, denen es eingefallen war, solche Schlaffh\u00e4lse zu sein, da\u00df sie, so schien es mir wenigstens, wie in einer schlechten Verschw\u00f6rung bis in mein Leben ausstrahlten, der ich, f\u00fcnfundf\u00fcnfzigj\u00e4hrig zwar und nicht viel auf die Reihe gebracht, aber doch wohl von ganz anderem Schrot war &#8230; Jedenfalls dachte ich das, als ich mir das Fr\u00fchst\u00fccksbier aufmachte und brubbelnd begann, die Zeitung zu lesen. Die Frau hingegen summte etwas und richtete fr\u00f6hlich das Fr\u00fchst\u00fcck; sie hatte gut geschlafen, sagte ich mir &#8230; und f\u00fcr Donnerstagabend, wenn ich mit den Kumpanen in den Ratskeller einzog, hatte sie sich einen jungen Ficker bestellt, er mu\u00dfte um einiges j\u00fcnger sein als ich und von exotischer Ausdauer und Gro\u00dfschw\u00e4nzigkeit; und er wu\u00dfte offenbar, das lie\u00df sie mich, obwohl ich nichts ahnte, durch ihr Summen hindurch sp\u00fcren, ihre Qualit\u00e4ten zu sch\u00e4tzen. Aber davon ahnte ich wie gesagt nichts \u2013 sollte sie sich die faltige Schachtel doch versilbern lassen, solange ich nichts davon erfuhr; und ich arbeitete indes an meiner abendlichen Schm\u00e4hrede auf die ranzigen S\u00e4cke, die es ihrer Alten nicht richtig besorgten &#8230; und wenn ich den Schlu\u00df meiner eigenen Rede nicht verpassen wollte, das war mir klar, dann mu\u00dfte ich auf der Hut sein.<\/p>\n<p>&nbsp;<\/p>\n<p>&nbsp;<\/p>\n<p style=\"text-align: center;\">***<\/p>\n<div id=\"attachment_99806\" style=\"width: 224px\" class=\"wp-caption alignleft\"><img loading=\"lazy\" decoding=\"async\" aria-describedby=\"caption-attachment-99806\" class=\"wp-image-99806 size-full\" src=\"http:\/\/www.editiondaslabor.de\/blog\/wp-content\/uploads\/2025\/04\/Andre\u0301-Schinkel.jpg\" alt=\"\" width=\"214\" height=\"272\" srcset=\"http:\/\/www.editiondaslabor.de\/blog\/wp-content\/uploads\/2025\/04\/Andre\u0301-Schinkel.jpg 214w, http:\/\/www.editiondaslabor.de\/blog\/wp-content\/uploads\/2025\/04\/Andre\u0301-Schinkel-160x203.jpg 160w\" sizes=\"auto, (max-width: 214px) 100vw, 214px\" \/><p id=\"caption-attachment-99806\" class=\"wp-caption-text\">Andr\u00e9 Schinkel, portr\u00e4tiert von J\u00fcrgen Bauer<\/p><\/div>\n<p style=\"text-align: justify;\"><strong>Weiterf\u00fchrend \u2192<\/strong> Lesen Sie auch das KUNO-Portr\u00e4t des Lyrikers\u00a0<a href=\"http:\/\/www.editiondaslabor.de\/blog\/?p=15175\">Andr\u00e9 Schinkel.<\/a><\/p>\n<p style=\"text-align: justify;\"><strong>\u2192<\/strong> Poesie z\u00e4hlt f\u00fcr KUNO weiterhin zu den identit\u00e4ts- und identifikationstiftenden Elementen einer Kultur, dies bezeugte auch der Versuch einer <a href=\"http:\/\/www.editiondaslabor.de\/blog\/?p=25630\">poetologischen Positionsbestimmung<\/a>.<\/p>\n<p>&nbsp;<\/p>\n","protected":false},"excerpt":{"rendered":"<p>&nbsp; Es mu\u00df gegen zehn gewesen sein, als ich begann, \u00fcber die alten S\u00e4cke abzul\u00e4stern, die immer im Sessel einschliefen und keinen Fernsehabend geschweige denn die Besch\u00e4lung ihrer Alten durchhielten. Als ich erwachte, war es halb zwei, die Frau war&hellip;<\/p>\n<p class=\"more-link-p\"><a class=\"more-link\" href=\"http:\/\/www.editiondaslabor.de\/blog\/2016\/08\/21\/idyll\/\">Read more &rarr;<\/a><\/p>\n","protected":false},"author":40,"featured_media":99806,"comment_status":"closed","ping_status":"open","sticky":false,"template":"","format":"standard","meta":{"footnotes":""},"categories":[1],"tags":[794],"class_list":["post-33748","post","type-post","status-publish","format-standard","has-post-thumbnail","hentry","category-literatur","tag-andre-schinkel"],"_links":{"self":[{"href":"http:\/\/www.editiondaslabor.de\/blog\/wp-json\/wp\/v2\/posts\/33748","targetHints":{"allow":["GET"]}}],"collection":[{"href":"http:\/\/www.editiondaslabor.de\/blog\/wp-json\/wp\/v2\/posts"}],"about":[{"href":"http:\/\/www.editiondaslabor.de\/blog\/wp-json\/wp\/v2\/types\/post"}],"author":[{"embeddable":true,"href":"http:\/\/www.editiondaslabor.de\/blog\/wp-json\/wp\/v2\/users\/40"}],"replies":[{"embeddable":true,"href":"http:\/\/www.editiondaslabor.de\/blog\/wp-json\/wp\/v2\/comments?post=33748"}],"version-history":[{"count":2,"href":"http:\/\/www.editiondaslabor.de\/blog\/wp-json\/wp\/v2\/posts\/33748\/revisions"}],"predecessor-version":[{"id":99849,"href":"http:\/\/www.editiondaslabor.de\/blog\/wp-json\/wp\/v2\/posts\/33748\/revisions\/99849"}],"wp:featuredmedia":[{"embeddable":true,"href":"http:\/\/www.editiondaslabor.de\/blog\/wp-json\/wp\/v2\/media\/99806"}],"wp:attachment":[{"href":"http:\/\/www.editiondaslabor.de\/blog\/wp-json\/wp\/v2\/media?parent=33748"}],"wp:term":[{"taxonomy":"category","embeddable":true,"href":"http:\/\/www.editiondaslabor.de\/blog\/wp-json\/wp\/v2\/categories?post=33748"},{"taxonomy":"post_tag","embeddable":true,"href":"http:\/\/www.editiondaslabor.de\/blog\/wp-json\/wp\/v2\/tags?post=33748"}],"curies":[{"name":"wp","href":"https:\/\/api.w.org\/{rel}","templated":true}]}}