{"id":31939,"date":"2006-08-25T00:01:41","date_gmt":"2006-08-24T22:01:41","guid":{"rendered":"http:\/\/www.editiondaslabor.de\/blog\/?p=31939"},"modified":"2021-10-17T16:06:01","modified_gmt":"2021-10-17T14:06:01","slug":"bayreuther-assoziationen","status":"publish","type":"post","link":"http:\/\/www.editiondaslabor.de\/blog\/2006\/08\/25\/bayreuther-assoziationen\/","title":{"rendered":"Bayreuther Assoziationen"},"content":{"rendered":"<p>&nbsp;<\/p>\n<p style=\"text-align: justify;\">Oh wer erz\u00e4hlt uns die ganze Geschichte der Narkotika! \u2013 es ist beinahe die Geschichte der \u203aBildung\u2039, der sogenannten h\u00f6heren Bildung!<\/p>\n<p>&nbsp;<\/p>\n<p>&nbsp;<\/p>\n<p style=\"text-align: center;\">***<\/p>\n<div id=\"attachment_17303\" style=\"width: 230px\" class=\"wp-caption alignright\"><a href=\"http:\/\/www.editiondaslabor.de\/blog\/wp-content\/uploads\/2013\/08\/Friedrich-Nietzsche-1882-Photographie-von-Gustav-Adolf-Schultze1.jpg\"><img loading=\"lazy\" decoding=\"async\" aria-describedby=\"caption-attachment-17303\" class=\"size-full wp-image-17303\" src=\"http:\/\/www.editiondaslabor.de\/blog\/wp-content\/uploads\/2013\/08\/Friedrich-Nietzsche-1882-Photographie-von-Gustav-Adolf-Schultze1.jpg\" alt=\"\" width=\"220\" height=\"294\" \/><\/a><p id=\"caption-attachment-17303\" class=\"wp-caption-text\">Friedrich-Nietzsche-1882-Photographie-von-Gustav-Adolf-Schultze<\/p><\/div>\n<p style=\"text-align: justify;\">Friedrich Nietzsche ist ein Meister des Cynismus. Oft leisten seine Texte viel mehr: Aufschreckende Br\u00fcche und Diskontinuit\u00e4ten im Sprachlichen, unruhige und gewagte Kombinationen und Schnitte, alchemistische Verbindungen von Kontexten, die man so nicht erwartet h\u00e4tte. Neben dem Zeremonienmeister Lichtenberg (und, so wagen wir zu behaupten, Martin Walsers alter ego Me\u00dfmer) ist Nietzsche sicher ein interessanter Vorl\u00e4ufer der Form des &#8211; bei ihm noch wortmechanischen &#8211; Tweet.<\/p>\n<p style=\"text-align: justify;\"><strong>Weiterf\u00fchrend\u00a0\u2192 <\/strong>ein Essay \u00fcber die neue Literaturgattung <a href=\"http:\/\/www.editiondaslabor.de\/blog\/?p=22423\"><em>Twitteratur<\/em><\/a>.<\/p>\n","protected":false},"excerpt":{"rendered":"<p>&nbsp; Oh wer erz\u00e4hlt uns die ganze Geschichte der Narkotika! \u2013 es ist beinahe die Geschichte der \u203aBildung\u2039, der sogenannten h\u00f6heren Bildung! &nbsp; &nbsp; *** Friedrich Nietzsche ist ein Meister des Cynismus. Oft leisten seine Texte viel mehr: Aufschreckende Br\u00fcche&hellip;<\/p>\n<p class=\"more-link-p\"><a class=\"more-link\" href=\"http:\/\/www.editiondaslabor.de\/blog\/2006\/08\/25\/bayreuther-assoziationen\/\">Read more &rarr;<\/a><\/p>\n","protected":false},"author":93,"featured_media":14422,"comment_status":"closed","ping_status":"open","sticky":false,"template":"","format":"standard","meta":{"footnotes":""},"categories":[1],"tags":[447],"class_list":["post-31939","post","type-post","status-publish","format-standard","has-post-thumbnail","hentry","category-literatur","tag-friedrich-nietzsche"],"_links":{"self":[{"href":"http:\/\/www.editiondaslabor.de\/blog\/wp-json\/wp\/v2\/posts\/31939","targetHints":{"allow":["GET"]}}],"collection":[{"href":"http:\/\/www.editiondaslabor.de\/blog\/wp-json\/wp\/v2\/posts"}],"about":[{"href":"http:\/\/www.editiondaslabor.de\/blog\/wp-json\/wp\/v2\/types\/post"}],"author":[{"embeddable":true,"href":"http:\/\/www.editiondaslabor.de\/blog\/wp-json\/wp\/v2\/users\/93"}],"replies":[{"embeddable":true,"href":"http:\/\/www.editiondaslabor.de\/blog\/wp-json\/wp\/v2\/comments?post=31939"}],"version-history":[{"count":0,"href":"http:\/\/www.editiondaslabor.de\/blog\/wp-json\/wp\/v2\/posts\/31939\/revisions"}],"wp:featuredmedia":[{"embeddable":true,"href":"http:\/\/www.editiondaslabor.de\/blog\/wp-json\/"}],"wp:attachment":[{"href":"http:\/\/www.editiondaslabor.de\/blog\/wp-json\/wp\/v2\/media?parent=31939"}],"wp:term":[{"taxonomy":"category","embeddable":true,"href":"http:\/\/www.editiondaslabor.de\/blog\/wp-json\/wp\/v2\/categories?post=31939"},{"taxonomy":"post_tag","embeddable":true,"href":"http:\/\/www.editiondaslabor.de\/blog\/wp-json\/wp\/v2\/tags?post=31939"}],"curies":[{"name":"wp","href":"https:\/\/api.w.org\/{rel}","templated":true}]}}