{"id":29282,"date":"2020-08-18T00:01:00","date_gmt":"2020-08-17T22:01:00","guid":{"rendered":"http:\/\/www.editiondaslabor.de\/blog\/?p=29282"},"modified":"2020-09-20T07:42:54","modified_gmt":"2020-09-20T05:42:54","slug":"die-technik-des-schriftstellers-in-dreizehn-thesen","status":"publish","type":"post","link":"http:\/\/www.editiondaslabor.de\/blog\/2020\/08\/18\/die-technik-des-schriftstellers-in-dreizehn-thesen\/","title":{"rendered":"Die Technik des Kritikers in 13 Thesen"},"content":{"rendered":"<div>\u00a0<\/div>\r\n<div class=\"imTAJustify\" style=\"text-align: justify;\">I. Der Kritiker ist Stratege im Literaturkampf.<\/div>\r\n<div class=\"imTAJustify\" style=\"text-align: justify;\">\u00a0<\/div>\r\n<div class=\"imTAJustify\" style=\"text-align: justify;\">II. Wer nicht Partei ergreifen kann, der hat zu schweigen.<\/div>\r\n<div class=\"imTAJustify\" style=\"text-align: justify;\">\u00a0<\/div>\r\n<div class=\"imTAJustify\" style=\"text-align: justify;\">III. Der Kritiker hat mit dem Deuter von vergangenen Kunstepochen nichts zu tun.<\/div>\r\n<div class=\"imTAJustify\" style=\"text-align: justify;\">\u00a0<\/div>\r\n<div class=\"imTAJustify\" style=\"text-align: justify;\">IV. Kritik mu\u00df in der Sprache der Artisten reden. Denn die Begriffe des c\u00e9nacle sind Parolen. Und nur in den Parolen t\u00f6nt das Kampfgeschrei.<\/div>\r\n<div class=\"imTAJustify\" style=\"text-align: justify;\">\u00a0<\/div>\r\n<div class=\"imTAJustify\" style=\"text-align: justify;\">V. Immer mu\u00df \u201aSachlichkeit\u2018 dem Parteigeist geopfert werden, wenn die Sache es wert ist, um welche der Kampf geht.<\/div>\r\n<div class=\"imTAJustify\" style=\"text-align: justify;\">\u00a0<\/div>\r\n<div class=\"imTAJustify\" style=\"text-align: justify;\">VI. Kritik ist eine moralische Sache. Wenn Goethe H\u00f6lderlin und Kleist, Beethoven und Jean Paul verkannte, so trifft das nicht sein Kunstverst\u00e4ndnis, sondern seine Moral.<\/div>\r\n<div class=\"imTAJustify\" style=\"text-align: justify;\">\u00a0<\/div>\r\n<div class=\"imTAJustify\" style=\"text-align: justify;\">VII. F\u00fcr den Kritiker sind seine Kollegen die h\u00f6here Instanz. Nicht das Publikum. Erst recht nicht die Nachwelt.<\/div>\r\n<div class=\"imTAJustify\" style=\"text-align: justify;\">\u00a0<\/div>\r\n<div class=\"imTAJustify\" style=\"text-align: justify;\">VIII. Die Nachwelt vergi\u00dft oder r\u00fchmt. Nur der Kritiker richtet im Angesicht des Autors.<\/div>\r\n<div class=\"imTAJustify\" style=\"text-align: justify;\">\u00a0<\/div>\r\n<div class=\"imTAJustify\" style=\"text-align: justify;\">IX. Polemik hei\u00dft, ein Buch in wenigen seiner S\u00e4tze vernichten. Je weniger man es studierte, desto besser. Nur wer vernichten kann, kann kritisieren.<\/div>\r\n<div class=\"imTAJustify\" style=\"text-align: justify;\">\u00a0<\/div>\r\n<div class=\"imTAJustify\" style=\"text-align: justify;\">X. Echte Polemik nimmt ein Buch sich so liebevoll vor, wie ein Kannibale sich einen S\u00e4ugling zur\u00fcstet.<\/div>\r\n<div class=\"imTAJustify\" style=\"text-align: justify;\">\u00a0<\/div>\r\n<div class=\"imTAJustify\" style=\"text-align: justify;\">XI. Kunstbegeisterung ist dem Kritiker fremd. Das Kunstwerk ist in seiner Hand die blanke Waffe in dem Kampfe der Geister.<\/div>\r\n<div class=\"imTAJustify\" style=\"text-align: justify;\">\u00a0<\/div>\r\n<div class=\"imTAJustify\" style=\"text-align: justify;\">XII. Die Kunst des Kritikers in nuce: Schlagworte pr\u00e4gen, ohne die Ideen zu verraten. Schlagworte einer unzul\u00e4nglichen Kritik verschachern den Gedanken an die Mode.<\/div>\r\n<div class=\"imTAJustify\" style=\"text-align: justify;\">\u00a0<\/div>\r\n<div class=\"imTAJustify\" style=\"text-align: justify;\">XIII. Das Publikum mu\u00df stets Unrecht erhalten und sich doch immer durch den Kritiker vertreten f\u00fchlen.<\/div>\r\n<p>&nbsp;<\/p>\r\n<p>&nbsp;<\/p>\r\n\r\n<p class=\"has-text-align-center\" style=\"text-align: center;\">***<\/p>\r\n\r\n\r\n\r\n<div class=\"wp-block-image\">\r\n<figure class=\"alignleft size-large is-resized\"><img loading=\"lazy\" decoding=\"async\" class=\"wp-image-68588\" src=\"http:\/\/www.editiondaslabor.de\/blog\/wp-content\/uploads\/2020\/07\/Einbahnstra\u00dfe.jpg\" alt=\"\" width=\"220\" height=\"297\" srcset=\"http:\/\/www.editiondaslabor.de\/blog\/wp-content\/uploads\/2020\/07\/Einbahnstra\u00dfe.jpg 440w, http:\/\/www.editiondaslabor.de\/blog\/wp-content\/uploads\/2020\/07\/Einbahnstra\u00dfe-223x300.jpg 223w, http:\/\/www.editiondaslabor.de\/blog\/wp-content\/uploads\/2020\/07\/Einbahnstra\u00dfe-260x350.jpg 260w, http:\/\/www.editiondaslabor.de\/blog\/wp-content\/uploads\/2020\/07\/Einbahnstra\u00dfe-160x216.jpg 160w\" sizes=\"auto, (max-width: 220px) 100vw, 220px\" \/><\/figure>\r\n<\/div>\r\n\r\n\r\n\r\n<p style=\"text-align: justify;\">Die<em> Einbahnstra\u00dfe<\/em> ist eine entscheidende Gelenkstelle in Benjamins Gesamtwerk, in der \u00dcberlegungen des Fr\u00fchwerks transformiert werden, um sie dann in sp\u00e4teren Arbeiten weiterzuf\u00fchren. Dies veranschaulicht insbesondere die 43 Texte umfassende \u00bbNachtragsliste zur Einbahnstra\u00dfe\u00ab, die Benjamin Anfang bis Mitte der drei\u00dfiger Jahre zusammenstellte. Sie wird, neben dem Erstdruck und allen handschriftlichen Vorstufen sowie zeitgen\u00f6ssischen Rezensionen, in der neuen Edition erstmals als Einheit zu lesen sein. Der Kommentar und das Nachwort des Herausgebers machen zudem die Verbindung der einzelnen Texte mit dem Gesamtwerk Benjamins sichtbar und zeigen, inwiefern die <em>Einbahnstra\u00dfe<\/em> die Tradition der europ\u00e4ischen Aphoristik aufgenommen und zugleich erneuert hat.<\/p>\r\n\r\n\r\n\r\n<p><strong>Weiterf\u00fchrend\u00a0\u2192 <\/strong>ein Essay \u00fcber die neue Literaturgattung <a href=\"http:\/\/www.editiondaslabor.de\/blog\/?p=22423\"><em>Twitteratur<\/em><\/a>.<\/p>\r\n","protected":false},"excerpt":{"rendered":"<p>\u00a0 I. Der Kritiker ist Stratege im Literaturkampf. \u00a0 II. Wer nicht Partei ergreifen kann, der hat zu schweigen. \u00a0 III. Der Kritiker hat mit dem Deuter von vergangenen Kunstepochen nichts zu tun. \u00a0 IV. Kritik mu\u00df in der Sprache&hellip;<\/p>\n<p class=\"more-link-p\"><a class=\"more-link\" href=\"http:\/\/www.editiondaslabor.de\/blog\/2020\/08\/18\/die-technik-des-schriftstellers-in-dreizehn-thesen\/\">Read more &rarr;<\/a><\/p>\n","protected":false},"author":72,"featured_media":68588,"comment_status":"closed","ping_status":"open","sticky":false,"template":"","format":"standard","meta":{"footnotes":""},"categories":[1],"tags":[428],"class_list":["post-29282","post","type-post","status-publish","format-standard","has-post-thumbnail","hentry","category-literatur","tag-walter-benjamin"],"_links":{"self":[{"href":"http:\/\/www.editiondaslabor.de\/blog\/wp-json\/wp\/v2\/posts\/29282","targetHints":{"allow":["GET"]}}],"collection":[{"href":"http:\/\/www.editiondaslabor.de\/blog\/wp-json\/wp\/v2\/posts"}],"about":[{"href":"http:\/\/www.editiondaslabor.de\/blog\/wp-json\/wp\/v2\/types\/post"}],"author":[{"embeddable":true,"href":"http:\/\/www.editiondaslabor.de\/blog\/wp-json\/wp\/v2\/users\/72"}],"replies":[{"embeddable":true,"href":"http:\/\/www.editiondaslabor.de\/blog\/wp-json\/wp\/v2\/comments?post=29282"}],"version-history":[{"count":0,"href":"http:\/\/www.editiondaslabor.de\/blog\/wp-json\/wp\/v2\/posts\/29282\/revisions"}],"wp:featuredmedia":[{"embeddable":true,"href":"http:\/\/www.editiondaslabor.de\/blog\/wp-json\/"}],"wp:attachment":[{"href":"http:\/\/www.editiondaslabor.de\/blog\/wp-json\/wp\/v2\/media?parent=29282"}],"wp:term":[{"taxonomy":"category","embeddable":true,"href":"http:\/\/www.editiondaslabor.de\/blog\/wp-json\/wp\/v2\/categories?post=29282"},{"taxonomy":"post_tag","embeddable":true,"href":"http:\/\/www.editiondaslabor.de\/blog\/wp-json\/wp\/v2\/tags?post=29282"}],"curies":[{"name":"wp","href":"https:\/\/api.w.org\/{rel}","templated":true}]}}