{"id":29086,"date":"2001-08-30T00:01:27","date_gmt":"2001-08-29T22:01:27","guid":{"rendered":"http:\/\/www.editiondaslabor.de\/blog\/?p=29086"},"modified":"2022-04-16T18:10:36","modified_gmt":"2022-04-16T16:10:36","slug":"futterkrippen","status":"publish","type":"post","link":"http:\/\/www.editiondaslabor.de\/blog\/2001\/08\/30\/futterkrippen\/","title":{"rendered":"Futterkrippen"},"content":{"rendered":"<p>&nbsp;<\/p>\n<p><a href=\"http:\/\/www.editiondaslabor.de\/blog\/wp-content\/uploads\/2011\/12\/Futterkrippen.jpg\"><img loading=\"lazy\" decoding=\"async\" class=\"aligncenter wp-image-85011 size-full\" src=\"http:\/\/www.editiondaslabor.de\/blog\/wp-content\/uploads\/2011\/12\/Futterkrippen.jpg\" alt=\"\" width=\"1236\" height=\"1977\" srcset=\"http:\/\/www.editiondaslabor.de\/blog\/wp-content\/uploads\/2011\/12\/Futterkrippen.jpg 1236w, http:\/\/www.editiondaslabor.de\/blog\/wp-content\/uploads\/2011\/12\/Futterkrippen-188x300.jpg 188w, http:\/\/www.editiondaslabor.de\/blog\/wp-content\/uploads\/2011\/12\/Futterkrippen-640x1024.jpg 640w, http:\/\/www.editiondaslabor.de\/blog\/wp-content\/uploads\/2011\/12\/Futterkrippen-768x1228.jpg 768w, http:\/\/www.editiondaslabor.de\/blog\/wp-content\/uploads\/2011\/12\/Futterkrippen-960x1536.jpg 960w, http:\/\/www.editiondaslabor.de\/blog\/wp-content\/uploads\/2011\/12\/Futterkrippen-560x896.jpg 560w, http:\/\/www.editiondaslabor.de\/blog\/wp-content\/uploads\/2011\/12\/Futterkrippen-260x416.jpg 260w, http:\/\/www.editiondaslabor.de\/blog\/wp-content\/uploads\/2011\/12\/Futterkrippen-160x256.jpg 160w\" sizes=\"auto, (max-width: 1236px) 100vw, 1236px\" \/><\/a><\/p>\n<p>&nbsp;<\/p>\n<p><strong>Weiterf\u00fchrend\u00a0\u2192\u00a0<\/strong><\/p>\n<p style=\"text-align: justify;\">Lesen Sie auch das <a href=\"http:\/\/www.editiondaslabor.de\/blog\/?p=36409\">Kollegengespr\u00e4ch<\/a>, das A.J. Weigoni mit Angelika Janz \u00fcber den Zyklus <em>fern, fern<\/em> gef\u00fchrt hat. Vertiefend ein <a href=\"http:\/\/www.editiondaslabor.de\/blog\/?p=22835\">Portr\u00e4t <\/a>\u00fcber ihre interdisziplin\u00e4re T\u00e4tigkeit, sowie einen <a href=\"http:\/\/www.editiondaslabor.de\/blog\/?p=29450\">Essay<\/a> der <em>Fragmenttexterin<\/em>. Ebenfalls im KUNO-Archiv: Jan Kuhlbrodt mit einer <a href=\"http:\/\/www.editiondaslabor.de\/blog\/2012\/11\/05\/asthetische-prothetik\/\">Ann\u00e4herung<\/a> an die visuellen Arbeiten von Angelika Janz. Und nicht zuletzt, Michael Gratz \u00fcber Angelika Janz\u2018<a href=\"http:\/\/www.editiondaslabor.de\/blog\/2012\/11\/05\/freiraum\/\"> tEXt bILd<\/a><\/p>\n<p>&nbsp;<\/p>\n<p>&nbsp;<\/p>\n<p>&nbsp;<\/p>\n","protected":false},"excerpt":{"rendered":"<p>&nbsp; &nbsp; Weiterf\u00fchrend\u00a0\u2192\u00a0 Lesen Sie auch das Kollegengespr\u00e4ch, das A.J. Weigoni mit Angelika Janz \u00fcber den Zyklus fern, fern gef\u00fchrt hat. Vertiefend ein Portr\u00e4t \u00fcber ihre interdisziplin\u00e4re T\u00e4tigkeit, sowie einen Essay der Fragmenttexterin. Ebenfalls im KUNO-Archiv: Jan Kuhlbrodt mit einer&hellip;<\/p>\n<p class=\"more-link-p\"><a class=\"more-link\" href=\"http:\/\/www.editiondaslabor.de\/blog\/2001\/08\/30\/futterkrippen\/\">Read more &rarr;<\/a><\/p>\n","protected":false},"author":53,"featured_media":98669,"comment_status":"closed","ping_status":"open","sticky":false,"template":"","format":"standard","meta":{"footnotes":""},"categories":[1],"tags":[918],"class_list":["post-29086","post","type-post","status-publish","format-standard","has-post-thumbnail","hentry","category-literatur","tag-angelika-janz"],"_links":{"self":[{"href":"http:\/\/www.editiondaslabor.de\/blog\/wp-json\/wp\/v2\/posts\/29086","targetHints":{"allow":["GET"]}}],"collection":[{"href":"http:\/\/www.editiondaslabor.de\/blog\/wp-json\/wp\/v2\/posts"}],"about":[{"href":"http:\/\/www.editiondaslabor.de\/blog\/wp-json\/wp\/v2\/types\/post"}],"author":[{"embeddable":true,"href":"http:\/\/www.editiondaslabor.de\/blog\/wp-json\/wp\/v2\/users\/53"}],"replies":[{"embeddable":true,"href":"http:\/\/www.editiondaslabor.de\/blog\/wp-json\/wp\/v2\/comments?post=29086"}],"version-history":[{"count":1,"href":"http:\/\/www.editiondaslabor.de\/blog\/wp-json\/wp\/v2\/posts\/29086\/revisions"}],"predecessor-version":[{"id":102712,"href":"http:\/\/www.editiondaslabor.de\/blog\/wp-json\/wp\/v2\/posts\/29086\/revisions\/102712"}],"wp:featuredmedia":[{"embeddable":true,"href":"http:\/\/www.editiondaslabor.de\/blog\/wp-json\/wp\/v2\/media\/98669"}],"wp:attachment":[{"href":"http:\/\/www.editiondaslabor.de\/blog\/wp-json\/wp\/v2\/media?parent=29086"}],"wp:term":[{"taxonomy":"category","embeddable":true,"href":"http:\/\/www.editiondaslabor.de\/blog\/wp-json\/wp\/v2\/categories?post=29086"},{"taxonomy":"post_tag","embeddable":true,"href":"http:\/\/www.editiondaslabor.de\/blog\/wp-json\/wp\/v2\/tags?post=29086"}],"curies":[{"name":"wp","href":"https:\/\/api.w.org\/{rel}","templated":true}]}}