{"id":28316,"date":"2006-01-16T00:01:54","date_gmt":"2006-01-15T23:01:54","guid":{"rendered":"http:\/\/www.editiondaslabor.de\/blog\/?p=28316"},"modified":"2022-02-28T07:07:36","modified_gmt":"2022-02-28T06:07:36","slug":"sechzehnter-januar","status":"publish","type":"post","link":"http:\/\/www.editiondaslabor.de\/blog\/2006\/01\/16\/sechzehnter-januar\/","title":{"rendered":"Sechzehnter Januar"},"content":{"rendered":"<div>\n<p>&nbsp;<\/p>\n<p>Sechzehnter Januar. Es war in der letzten<\/p>\n<p>Woche wie ein Zusammenbruch. Unm\u00f6glichkeit<\/p>\n<p>zu schlafen, Unm\u00f6glichkeit zu wachen<\/p>\n<p>Unm\u00f6glichkeit das Leben genauer die<\/p>\n<p>Aufeinanderfolge des Lebens zu ertragen.<\/p>\n<p>Die Uhren stimmen nicht \u00fcberein.<\/p>\n<p>Die Innere jagt in einer teuflischen oder<\/p>\n<p>d\u00e4monischen, oder jedenfalls unmenschlichen<\/p>\n<p>Art. Die \u00c4ussere geht stockend ihren<\/p>\n<p>gew\u00f6hnlichen Gang. Was kann andres<\/p>\n<p>geschehn als da\u00df sich die zwei<\/p>\n<p>verschiedenen Welten trennen und sie trennen<\/p>\n<p>sich, oder rei\u00dfen zu mindestens in einer<\/p>\n<p>f\u00fcrchterlichen Art. Die Einsamkeit die mir<\/p>\n<p>zum gr\u00f6\u00dften Teil seit je<\/p>\n<p>heraufgezwungen war zum Teil von mir gesucht<\/p>\n<p>wurde, (doch was war auch dies andere als Zwang)<\/p>\n<p>wird jetzt ganz unzweideutig und geht auf das<\/p>\n<p>\u00c4usserste wohin f\u00fchrt sie? Sie kann<\/p>\n<p>dies scheint am zwingendsten zum Irrsinn f\u00fchren.<\/p>\n<p>Dar\u00fcber kann nichts weiter ausgesagt werden.<\/p>\n<p>Die Jagd geht durch mich und zerrei\u00dft mich.<\/p>\n<p>Oder aber ich kann &#8211; sei es auch nur zum einzigsten<\/p>\n<p>Teil mich aufrecht erhalten, lasse mich also von der Jagd<\/p>\n<p>tragen. Wohin komme ich dann? Jagd ist ja nur ein<\/p>\n<p>Bild &#8211; man kann auch sagen: Ansturm gegen die<\/p>\n<p>letzte, irdische Grenze.<\/p>\n<p>&nbsp;<\/p>\n<\/div>\n<p>&nbsp;<\/p>\n<div>\n<p style=\"text-align: center;\">***<\/p>\n<p style=\"text-align: justify;\"><span style=\"color: #999999;\"><img loading=\"lazy\" decoding=\"async\" class=\"alignleft size-full wp-image-99615\" src=\"http:\/\/www.editiondaslabor.de\/blog\/wp-content\/uploads\/2025\/07\/Franz_Kafka-e1645556890422.jpg\" alt=\"\" width=\"246\" height=\"300\" \/>Anmerkung der Redaktion<\/span>: Lesen Sie auch Franz Kafka Erz\u00e4hlung <a href=\"http:\/\/www.editiondaslabor.de\/blog\/?p=16433\">Ein Hungerk\u00fcnstler<\/a>. Die Artisten der Edition das Labor haben vor 10 Jahren den K\u00fcnstlerpreis <a href=\"http:\/\/www.editiondaslabor.de\/blog\/?page_id=572\">Das Hungertuch<\/a> begr\u00fcndet.<\/p>\n<\/div>\n","protected":false},"excerpt":{"rendered":"<p>&nbsp; Sechzehnter Januar. Es war in der letzten Woche wie ein Zusammenbruch. Unm\u00f6glichkeit zu schlafen, Unm\u00f6glichkeit zu wachen Unm\u00f6glichkeit das Leben genauer die Aufeinanderfolge des Lebens zu ertragen. Die Uhren stimmen nicht \u00fcberein. Die Innere jagt in einer teuflischen oder&hellip;<\/p>\n<p class=\"more-link-p\"><a class=\"more-link\" href=\"http:\/\/www.editiondaslabor.de\/blog\/2006\/01\/16\/sechzehnter-januar\/\">Read more &rarr;<\/a><\/p>\n","protected":false},"author":107,"featured_media":99615,"comment_status":"closed","ping_status":"open","sticky":false,"template":"","format":"standard","meta":{"footnotes":""},"categories":[1],"tags":[494],"class_list":["post-28316","post","type-post","status-publish","format-standard","has-post-thumbnail","hentry","category-literatur","tag-franz-kafka"],"_links":{"self":[{"href":"http:\/\/www.editiondaslabor.de\/blog\/wp-json\/wp\/v2\/posts\/28316","targetHints":{"allow":["GET"]}}],"collection":[{"href":"http:\/\/www.editiondaslabor.de\/blog\/wp-json\/wp\/v2\/posts"}],"about":[{"href":"http:\/\/www.editiondaslabor.de\/blog\/wp-json\/wp\/v2\/types\/post"}],"author":[{"embeddable":true,"href":"http:\/\/www.editiondaslabor.de\/blog\/wp-json\/wp\/v2\/users\/107"}],"replies":[{"embeddable":true,"href":"http:\/\/www.editiondaslabor.de\/blog\/wp-json\/wp\/v2\/comments?post=28316"}],"version-history":[{"count":2,"href":"http:\/\/www.editiondaslabor.de\/blog\/wp-json\/wp\/v2\/posts\/28316\/revisions"}],"predecessor-version":[{"id":101142,"href":"http:\/\/www.editiondaslabor.de\/blog\/wp-json\/wp\/v2\/posts\/28316\/revisions\/101142"}],"wp:featuredmedia":[{"embeddable":true,"href":"http:\/\/www.editiondaslabor.de\/blog\/wp-json\/wp\/v2\/media\/99615"}],"wp:attachment":[{"href":"http:\/\/www.editiondaslabor.de\/blog\/wp-json\/wp\/v2\/media?parent=28316"}],"wp:term":[{"taxonomy":"category","embeddable":true,"href":"http:\/\/www.editiondaslabor.de\/blog\/wp-json\/wp\/v2\/categories?post=28316"},{"taxonomy":"post_tag","embeddable":true,"href":"http:\/\/www.editiondaslabor.de\/blog\/wp-json\/wp\/v2\/tags?post=28316"}],"curies":[{"name":"wp","href":"https:\/\/api.w.org\/{rel}","templated":true}]}}