{"id":278,"date":"2012-01-09T03:57:17","date_gmt":"2012-01-09T03:57:17","guid":{"rendered":"http:\/\/www.editiondaslabor.de\/blog\/?p=278"},"modified":"2023-06-27T16:56:54","modified_gmt":"2023-06-27T14:56:54","slug":"birgit-jensen-in-der-werkstattgalerie-der-bogen","status":"publish","type":"post","link":"http:\/\/www.editiondaslabor.de\/blog\/2012\/01\/09\/birgit-jensen-in-der-werkstattgalerie-der-bogen\/","title":{"rendered":"Birgit Jensen in der Werkstattgalerie Der Bogen"},"content":{"rendered":"<p style=\"text-align: justify;\"><a href=\"http:\/\/www.editiondaslabor.de\/blog\/wp-content\/uploads\/2012\/01\/linz-rh.jpg\"><img loading=\"lazy\" decoding=\"async\" class=\"alignnone size-full wp-image-280\" title=\"linz-rh\" src=\"http:\/\/www.editiondaslabor.de\/blog\/wp-content\/uploads\/2012\/01\/linz-rh.jpg\" alt=\"\" width=\"640\" height=\"437\" srcset=\"http:\/\/www.editiondaslabor.de\/blog\/wp-content\/uploads\/2012\/01\/linz-rh.jpg 640w, http:\/\/www.editiondaslabor.de\/blog\/wp-content\/uploads\/2012\/01\/linz-rh-300x204.jpg 300w\" sizes=\"auto, (max-width: 640px) 100vw, 640px\" \/><\/a><br \/>\nDie Malerei sei \u201estumme Poesie\u201c, die Poesie hingegen \u201eberedte Malerei\u201c, hie\u00df es im klassischen Altertum, als man \u00fcber den Wettbewerb der als verwandt betrachteten K\u00fcnste nachdachte. Birgit Jensen ist Malerin. Sie verzichtet dabei auf den manuellen Duktus des Pinsels, indem sie sich des Siebdruckverfahrens bedient, das sie zu immer gr\u00f6\u00dferen Formaten ausreizt. Jensens Bilder sind schweigsam, und doch scheinen sie zu uns zu sprechen. Unsagbar schwer aber ist es, ihre Sprache in die Sprache der Laute und Schriftzeichen zu \u00fcbersetzen. V\u00f6llig schl\u00fcssig ist daher in ihrer Arbeit die Auseinandersetzung mit K\u00fcnstlerb\u00fcchern. Das Moment zeitgebundener Subjektivit\u00e4t, das in diesem Verfahren steckt, ist augenf\u00e4llig. Es findet ein Korrektiv einzig in dem selbst wiederum schwer zu erfassenden Geist der Zeit, in der das Bild geschaffen wurde.<\/p>\n<p style=\"text-align: justify;\">In einer Situation, wo Preisrekorde auf Auktionen regelm\u00e4\u00dfig mit k\u00fcnstlerischer Bedeutung verwechselt werden, bietet sich die Arbeit an K\u00fcnstlerb\u00fcchern als Nebenschauplatz an. K\u00fcnstler\u2013, Maler\u2013 oder eben K\u00fcnstlerb\u00fccher findet man nicht in einem Supermarkt f\u00fcr B\u00fccher. K\u00fcnstler wie Jensen sind individualistische Zeitgenossen. Weil ihre B\u00fccher so selten sind und meist nur in kleinen Auflagen erscheinen, werden diese auch als \u2018rare books\u2019 bezeichnet. Das K\u00fcnstlerbuch hat es beim Betrachter schwerer als das Bild. Man mu\u00df es aufschlagen und kann es nicht an die Wand nageln.<\/p>\n<p style=\"text-align: justify;\">Die K\u00fcnstlerb\u00fccher dieser Artistin sind so vielsprachig und vielschichtig wie die Sprache der modernen Kunst und \u00fcbergreifend wie die der menschlichen Kommunikation \u00fcberhaupt. Wenn diese ausgestellt werden, so handelt es sich immer um einen Kompromiss, denn das Buch will gelesen, ber\u00fchrt werden, hier mu\u00df man es allerdings schonen. Jensens K\u00fcnstlerb\u00fccher sind ein eigenst\u00e4ndiges Genre der bildenden Kunst.<\/p>\n<p>&nbsp;<\/p>\n<p style=\"text-align: center;\">***<\/p>\n<p>&nbsp;<\/p>\n<p style=\"text-align: justify;\"><strong>Regalien<\/strong> &#8211; Was uns verbindet, ist das Papier &#8211;<\/p>\n<p style=\"text-align: justify;\">Vernissage: 15. Januar 2012, 17.00 Uhr<\/p>\n<p style=\"text-align: justify;\">Einf\u00fchrung: J.C. Albers<\/p>\n<p style=\"text-align: justify;\">+ eine poetische Performance von Phillip Bracht &amp; A.J. Weigoni<\/p>\n<p style=\"text-align: justify;\">K\u00fcnstlerb\u00fccher und Arbeiten aus dem Umfeld von<\/p>\n<div id=\"attachment_104802\" style=\"width: 310px\" class=\"wp-caption alignleft\"><img loading=\"lazy\" decoding=\"async\" aria-describedby=\"caption-attachment-104802\" class=\"wp-image-104802 size-medium\" src=\"http:\/\/www.editiondaslabor.de\/blog\/wp-content\/uploads\/2012\/01\/Zaungaeste_Kunstverein-1994-300x225.jpg\" alt=\"\" width=\"300\" height=\"225\" \/><p id=\"caption-attachment-104802\" class=\"wp-caption-text\">Birgit Jensen im Gespr\u00e4ch mit Almuth Hickl<\/p><\/div>\n<p style=\"text-align: justify;\">Pia Bohr, Almuth Hickl, Haimo Hieronymus, Karl-Heinz Hosse, Birgit Jensen, Stephanie Neuhaus, Ulrich Johannes M\u00fcller, Florian M\u00fcller, Yanic Ro\u00dfmann und Denise Steger<\/p>\n<p style=\"text-align: justify;\">Dauer der Ausstellung: 16.01 &#8211; 04.02. 2012<\/p>\n<p style=\"text-align: justify;\"><a href=\"http:\/\/www.der-bogen.de\/\">Werkstattgalerie DER BOGEN<\/a> | M\u00f6hnestra\u00dfe 59 | 59755 Arnsberg-Neheim<\/p>\n","protected":false},"excerpt":{"rendered":"<p>Die Malerei sei \u201estumme Poesie\u201c, die Poesie hingegen \u201eberedte Malerei\u201c, hie\u00df es im klassischen Altertum, als man \u00fcber den Wettbewerb der als verwandt betrachteten K\u00fcnste nachdachte. Birgit Jensen ist Malerin. Sie verzichtet dabei auf den manuellen Duktus des Pinsels, indem&hellip;<\/p>\n<p class=\"more-link-p\"><a class=\"more-link\" href=\"http:\/\/www.editiondaslabor.de\/blog\/2012\/01\/09\/birgit-jensen-in-der-werkstattgalerie-der-bogen\/\">Read more &rarr;<\/a><\/p>\n","protected":false},"author":257,"featured_media":104802,"comment_status":"open","ping_status":"open","sticky":false,"template":"","format":"standard","meta":{"footnotes":""},"categories":[1],"tags":[69],"class_list":["post-278","post","type-post","status-publish","format-standard","has-post-thumbnail","hentry","category-literatur","tag-birgit-jensen"],"_links":{"self":[{"href":"http:\/\/www.editiondaslabor.de\/blog\/wp-json\/wp\/v2\/posts\/278","targetHints":{"allow":["GET"]}}],"collection":[{"href":"http:\/\/www.editiondaslabor.de\/blog\/wp-json\/wp\/v2\/posts"}],"about":[{"href":"http:\/\/www.editiondaslabor.de\/blog\/wp-json\/wp\/v2\/types\/post"}],"author":[{"embeddable":true,"href":"http:\/\/www.editiondaslabor.de\/blog\/wp-json\/wp\/v2\/users\/257"}],"replies":[{"embeddable":true,"href":"http:\/\/www.editiondaslabor.de\/blog\/wp-json\/wp\/v2\/comments?post=278"}],"version-history":[{"count":2,"href":"http:\/\/www.editiondaslabor.de\/blog\/wp-json\/wp\/v2\/posts\/278\/revisions"}],"predecessor-version":[{"id":104804,"href":"http:\/\/www.editiondaslabor.de\/blog\/wp-json\/wp\/v2\/posts\/278\/revisions\/104804"}],"wp:featuredmedia":[{"embeddable":true,"href":"http:\/\/www.editiondaslabor.de\/blog\/wp-json\/wp\/v2\/media\/104802"}],"wp:attachment":[{"href":"http:\/\/www.editiondaslabor.de\/blog\/wp-json\/wp\/v2\/media?parent=278"}],"wp:term":[{"taxonomy":"category","embeddable":true,"href":"http:\/\/www.editiondaslabor.de\/blog\/wp-json\/wp\/v2\/categories?post=278"},{"taxonomy":"post_tag","embeddable":true,"href":"http:\/\/www.editiondaslabor.de\/blog\/wp-json\/wp\/v2\/tags?post=278"}],"curies":[{"name":"wp","href":"https:\/\/api.w.org\/{rel}","templated":true}]}}