{"id":26685,"date":"1995-03-02T00:01:21","date_gmt":"1995-03-01T23:01:21","guid":{"rendered":"http:\/\/www.editiondaslabor.de\/blog\/?p=26685"},"modified":"2022-02-28T18:06:02","modified_gmt":"2022-02-28T17:06:02","slug":"requiem-fuer-preas-eyn","status":"publish","type":"post","link":"http:\/\/www.editiondaslabor.de\/blog\/1995\/03\/02\/requiem-fuer-preas-eyn\/","title":{"rendered":"requiem f\u00fcr preas eyn"},"content":{"rendered":"<div>\n<p><em><span class=\"Apple-style-span\" style=\"font-style: normal;\">\u00a0<\/span><\/em><\/p>\n<p>der st\u00e4rkste typ in der ganzen bibel<\/p>\n<p>war judas ischariot<\/p>\n<p>so nehme ich jedenfalls an<\/p>\n<p>&nbsp;<\/p>\n<p>jenny auf dem ersten und letzten trip<\/p>\n<p>die nadel geschaffen um segen zu bringen<\/p>\n<p>bringt nicht nur ihr den tod<\/p>\n<p>&nbsp;<\/p>\n<p>die ameisen fressen und w\u00fchlen<\/p>\n<p>sind l\u00e4ngst nicht mehr aufzuhalten<\/p>\n<p>in der monumentalen herrlichkeit ihres schaffens<\/p>\n<p>&nbsp;<\/p>\n<p>unterdr\u00fcckte werden zu unterdr\u00fcckern<\/p>\n<p>revolutionstribunale an jeder stra\u00dfenecke<\/p>\n<p>wo fliegende h\u00e4ndler noch immer pfeffern\u00fcsse verdealen<\/p>\n<p>&nbsp;<\/p>\n<p>und ich sitze da an einem kalten oktoberabend<\/p>\n<p>mit kaputtem magen und kaputtem hirn<\/p>\n<p>aber sonst noch ganz gut erhalten<\/p>\n<p>und schreibe mit einem straight club kugelschreiber<\/p>\n<p>alle diese sinnlosen sachen auf<\/p>\n<p>&nbsp;<\/p>\n<p>und du sitzt ganz woanders<\/p>\n<p>in einer anderen atmosph\u00e4re und weidest dich<\/p>\n<p>an der morbiden faszination einer sterbenden welt<\/p>\n<p>&nbsp;<\/p>\n<p>m\u00e4chtige und grausame kulturen kamen und gingen<\/p>\n<p>im gewimmel von t\u00f6ten und geb\u00e4ren<\/p>\n<p>die weltgeschichte ein mittelm\u00e4\u00dfiger comic strip<\/p>\n<p>&nbsp;<\/p>\n<p>das rad war die gr\u00f6\u00dfte erfindung<\/p>\n<p>das rad das alles ins rollen brachte<\/p>\n<p>und alles rollt in einen g\u00e4hnenden schlund<\/p>\n<p>&nbsp;<\/p>\n<p>und southside johnny rockt vergeblich dagegen an<\/p>\n<p>und alles ist l\u00e4ngst besprochen<\/p>\n<p>und alles ist l\u00e4ngst abgeschrieben &#8230;<\/p>\n<p>&nbsp;<\/p>\n<p>&nbsp;<\/p>\n<\/div>\n<p>&nbsp;<\/p>\n<p>&nbsp;<\/p>\n<p>&nbsp;<\/p>\n<p align=\"center\">***<\/p>\n<p style=\"text-align: justify;\">Der Stuttgarter Autor Ossi Eichhorn d\u00fcrfte heute nur noch einem\u00a0kleinen Kreis von Literaturkennern ein Begriff sein &#8211; vielleicht\u00a0eher als Gr\u00fcnder der Zeitschrift &#8222;Flugasche&#8220; denn als Lyriker.\u00a01958 in Sivac\/Jugoslawien geboren, verbrachte er die letzten\u00a0Jahre seines kurzen Lebens in Stuttgart, bis er, an den Folgen\u00a0eines schweren Autounfalls leidend, 1982 selbstbestimmt\u00a0aus dem Leben schied.<\/p>\n<p style=\"text-align: justify;\"><strong><img loading=\"lazy\" decoding=\"async\" class=\"alignleft wp-image-95573 size-medium\" src=\"http:\/\/www.editiondaslabor.de\/blog\/wp-content\/uploads\/2005\/01\/Eichhorn_Cover-229x300.jpg\" alt=\"\" width=\"229\" height=\"300\" srcset=\"http:\/\/www.editiondaslabor.de\/blog\/wp-content\/uploads\/2005\/01\/Eichhorn_Cover-229x300.jpg 229w, http:\/\/www.editiondaslabor.de\/blog\/wp-content\/uploads\/2005\/01\/Eichhorn_Cover-382x500.jpg 382w, http:\/\/www.editiondaslabor.de\/blog\/wp-content\/uploads\/2005\/01\/Eichhorn_Cover-768x1005.jpg 768w, http:\/\/www.editiondaslabor.de\/blog\/wp-content\/uploads\/2005\/01\/Eichhorn_Cover-160x209.jpg 160w, http:\/\/www.editiondaslabor.de\/blog\/wp-content\/uploads\/2005\/01\/Eichhorn_Cover.jpg 1068w\" sizes=\"auto, (max-width: 229px) 100vw, 229px\" \/><\/strong><\/p>\n<p style=\"text-align: justify;\">Ossi Eichhorn ver\u00f6ffentlichte Gedichte in Literaturzeitschriften\u00a0und den Lyrikband &#8222;DIE ZEIT STEHT STILL IN DER LUFT LIEGT\u00a0EIN LEICHTER DUFT VON VERMOUTH DOCH DU FEHLST &#8230;&#8220;\u00a0(mit Graphiken von Eva W\u00fcnsch). 1988 erschienen in der\u00a0von Axel Kutsch und Michael Rupprecht herausgegebenen\u00a0Anthologie &#8222;Wortnetze&#8220;, die Erich Fried und Ossi Eichhorn\u00a0gewidmet war, vier seiner Gedichte mit der sein lyrisches Werk\u00a0pr\u00e4genden kraftvollen Verwendung von Alltagsparlando.<\/p>\n<p style=\"text-align: justify;\">Axel Kutsch machte KUNO auf diesen (fast) vergessenen Lyriker aufmerksam. Mit der freundlichen Genehmigung seiner Schwester Emy Eichhorn ver\u00f6ffentlichen wir drei Gedichte von Ossi Eichhorn und erinnern damit an einen Autor, den es wieder zu entdecken gilt.<\/p>\n<p style=\"text-align: justify;\"><strong>Weiterf\u00fchrend \u2192 <\/strong><\/p>\n<p style=\"text-align: justify;\">Zu den Gr\u00fcndungsmythen der alten BRD geh\u00f6rt die <a href=\"http:\/\/www.editiondaslabor.de\/blog\/2001\/04\/01\/nonkonformistische-literatur\/\">Nonkonformistische Literatur<\/a>, lesen Sie dazu auch ein Portr\u00e4t von <a href=\"http:\/\/www.editiondaslabor.de\/blog\/2000\/04\/04\/vauo\/\">V.O. Stomps<\/a>, dem Klassiker des Andersseins. Kaum jemand hat die L\u00fcckenhaftigkeit des <em>Underground<\/em> so konzequent <a href=\"http:\/\/www.editiondaslabor.de\/blog\/2008\/09\/24\/underground\/\">erz\u00e4hlt<\/a> wie N\u00ed Gudix und ihre <a href=\"http:\/\/www.editiondaslabor.de\/blog\/2008\/08\/23\/kritik-an-der-literarischen-alternative\/\">Kritik an der literarischen Alternative<\/a> ist berechtigt. Ein Portr\u00e4t von N\u00ed Gudix findet sich <a href=\"http:\/\/www.editiondaslabor.de\/blog\/2015\/08\/16\/da-lernst-du-die-menschen-kennen\/\">hier<\/a> (und als Leseprobe ihren <a href=\"http:\/\/www.editiondaslabor.de\/blog\/2006\/12\/30\/hausaffentango\/\">Hausaffentango<\/a>). Lesen Sie auch die <a href=\"http:\/\/www.editiondaslabor.de\/blog\/2005\/09\/24\/erinnerungen\/\">Erinnerungen an den Bottroper Literaturrocker<\/a> von Werner Streletz und den <a href=\"http:\/\/www.editiondaslabor.de\/blog\/2008\/09\/28\/rip-bruno\/\">Nachruf<\/a> von Bruno Runzheimer. Zum 100. Geburtstag von Charles Bukowski, eine <a href=\"http:\/\/www.editiondaslabor.de\/blog\/2020\/08\/16\/ledertasche-geborgt\/\">Doppelbesprechung<\/a> von Hartmuth Malornys Ruhrgebietsroman <em>Die schwarze Ledertasche<\/em>. 1989 erscheint Helge Schneiders allererste Schallplatte <a href=\"http:\/\/www.editiondaslabor.de\/blog\/?p=26990\"><em>Seine gr\u00f6\u00dften Erfolge<\/em><\/a>, produziert von Helge Schneider und <a href=\"http:\/\/www.editiondaslabor.de\/blog\/2012\/07\/20\/klangkloetzchen\/\">Tom T\u00e4ger<\/a> im Tonstudio\/Ruhr. Lesen Sie auch das <a href=\"http:\/\/www.editiondaslabor.de\/blog\/?p=26709\">Portr\u00e4t <\/a>der einzigartigen Proletendiva aus dem Ruhrgebeat auf KUNO. In einem Kollegengespr\u00e4ch mit Barbara Ester dekonstruiert A.J. Weigoni die <em><a href=\"http:\/\/www.editiondaslabor.de\/blog\/1997\/10\/09\/ruhrgebietsromantik\/\">Ruhrgebietsromantik<\/a><\/em>. Mit<a href=\"http:\/\/www.editiondaslabor.de\/blog\/?p=6071\"> Kersten Flenter<\/a> und <a href=\"http:\/\/www.editiondaslabor.de\/blog\/2001\/06\/23\/killroy-review\/\">Michael Sch\u00f6nauer<\/a> geh\u00f6rte <a href=\"http:\/\/www.editiondaslabor.de\/blog\/2015\/08\/24\/polyphone-ich-erzaehlungen\/\">Tom de Toys<\/a> zum\u00a0Dreigestirn des deutschen <a href=\"http:\/\/www.editiondaslabor.de\/blog\/1997\/01\/05\/bewegung\/\">Poetry Slam<\/a>. Einen Nachruf von Theo Breuer auf den Urvater des Social-Beat finden Sie <a href=\"http:\/\/www.editiondaslabor.de\/blog\/2012\/03\/07\/hubsch-revisited\/\">hier<\/a> \u2013 Sowie selbstverst\u00e4ndlich his <a href=\"http:\/\/www.editiondaslabor.de\/blog\/1995\/06\/25\/wie-was-social-beat-ist-und-warum-und-warum-nicht\/\">Masters voice<\/a>. Und Dr. Stahls kaltgenaue <a href=\"http:\/\/www.editiondaslabor.de\/blog\/2002\/06\/26\/social-beat-vs-digitales-dasein\/\">Analyse<\/a>. \u2013 Constanze Schmidt beschreibt den Weg von <a href=\"http:\/\/www.editiondaslabor.de\/blog\/?p=26080\">Proust zu Pulp<\/a>. Ebenso eindr\u00fccklich empfohlen sei Heiner Links <a href=\"http:\/\/www.editiondaslabor.de\/blog\/?p=42272\">Vorwort<\/a> zum Band Trash-Piloten. Inzwischen hat sich Trash andere Kunstformen erobert, dazu die <a href=\"http:\/\/www.editiondaslabor.de\/blog\/2014\/11\/01\/trash-eine-einfuehrung\/\">Aufmerksamkeit<\/a> einer geneigten Kulturkritik. In der Reihe <em>Gossenhefte<\/em> zeigt sich, was passiert, wenn sich literarischer Bodensatz und die Reflexionsm\u00f6glichkeiten von popul\u00e4rkulturellen Tugenden nahe genug kommen, der Essay <a href=\"http:\/\/www.editiondaslabor.de\/blog\/?p=35655\"><em>Perlen des Trash<\/em><\/a> stellt diese Reihe ausf\u00fchrlich vor. Die KUNO-Redaktion bat A.J. Weigoni um einen Text mit Bezug auf die Mainzer Minpressenmesse (MMPM) und er kramte eine <a href=\"http:\/\/www.editiondaslabor.de\/blog\/1993\/05\/31\/treff-der-titanen\/\">Realsatire<\/a> aus dem Jahr 1993 heraus, die er f\u00fcr den Mainzer Verleger Jens Neumann geschrieben hat. J\u00fcrgen Kipp \u00fcber die <a href=\"http:\/\/www.editiondaslabor.de\/blog\/2013\/06\/01\/geschichte-und-aufgaben-des-mainzer-minipressen-archives-mmpa\/\">Aufgaben des Mainzer Minipressen-Archives<\/a>. Ein w\u00fcrdiger Abschlu\u00df gelingt Boris Kerenski mit <a href=\"http:\/\/www.editiondaslabor.de\/blog\/2021\/03\/30\/wer-war-ist-noch-social-beat\/\">Stimmen aus dem popliterarischen Untergrund<\/a><strong>.<\/strong><\/p>\n","protected":false},"excerpt":{"rendered":"<p>\u00a0 der st\u00e4rkste typ in der ganzen bibel war judas ischariot so nehme ich jedenfalls an &nbsp; jenny auf dem ersten und letzten trip die nadel geschaffen um segen zu bringen bringt nicht nur ihr den tod &nbsp; die ameisen&hellip;<\/p>\n<p class=\"more-link-p\"><a class=\"more-link\" href=\"http:\/\/www.editiondaslabor.de\/blog\/1995\/03\/02\/requiem-fuer-preas-eyn\/\">Read more &rarr;<\/a><\/p>\n","protected":false},"author":136,"featured_media":98312,"comment_status":"closed","ping_status":"open","sticky":false,"template":"","format":"standard","meta":{"footnotes":""},"categories":[1],"tags":[1601],"class_list":["post-26685","post","type-post","status-publish","format-standard","has-post-thumbnail","hentry","category-literatur","tag-ossi-eichhorn"],"_links":{"self":[{"href":"http:\/\/www.editiondaslabor.de\/blog\/wp-json\/wp\/v2\/posts\/26685","targetHints":{"allow":["GET"]}}],"collection":[{"href":"http:\/\/www.editiondaslabor.de\/blog\/wp-json\/wp\/v2\/posts"}],"about":[{"href":"http:\/\/www.editiondaslabor.de\/blog\/wp-json\/wp\/v2\/types\/post"}],"author":[{"embeddable":true,"href":"http:\/\/www.editiondaslabor.de\/blog\/wp-json\/wp\/v2\/users\/136"}],"replies":[{"embeddable":true,"href":"http:\/\/www.editiondaslabor.de\/blog\/wp-json\/wp\/v2\/comments?post=26685"}],"version-history":[{"count":1,"href":"http:\/\/www.editiondaslabor.de\/blog\/wp-json\/wp\/v2\/posts\/26685\/revisions"}],"predecessor-version":[{"id":101288,"href":"http:\/\/www.editiondaslabor.de\/blog\/wp-json\/wp\/v2\/posts\/26685\/revisions\/101288"}],"wp:featuredmedia":[{"embeddable":true,"href":"http:\/\/www.editiondaslabor.de\/blog\/wp-json\/wp\/v2\/media\/98312"}],"wp:attachment":[{"href":"http:\/\/www.editiondaslabor.de\/blog\/wp-json\/wp\/v2\/media?parent=26685"}],"wp:term":[{"taxonomy":"category","embeddable":true,"href":"http:\/\/www.editiondaslabor.de\/blog\/wp-json\/wp\/v2\/categories?post=26685"},{"taxonomy":"post_tag","embeddable":true,"href":"http:\/\/www.editiondaslabor.de\/blog\/wp-json\/wp\/v2\/tags?post=26685"}],"curies":[{"name":"wp","href":"https:\/\/api.w.org\/{rel}","templated":true}]}}