{"id":2554,"date":"2012-03-14T00:54:40","date_gmt":"2012-03-13T23:54:40","guid":{"rendered":"http:\/\/www.editiondaslabor.de\/blog\/?p=2554"},"modified":"2025-08-12T08:41:37","modified_gmt":"2025-08-12T06:41:37","slug":"literaturpadagogik","status":"publish","type":"post","link":"http:\/\/www.editiondaslabor.de\/blog\/2012\/03\/14\/literaturpadagogik\/","title":{"rendered":"Literaturp\u00e4dagogik"},"content":{"rendered":"<p style=\"text-align: right;\"><span style=\"color: #888888;\"><em>Lernen heisst verstehen lernen, dass man nicht weiss, was man tut.<\/em><\/span><\/p>\n<p style=\"text-align: right;\"><span style=\"color: #888888;\">Henri Meschonnics<\/span><\/p>\n<div id=\"attachment_2567\" style=\"width: 310px\" class=\"wp-caption alignright\"><a href=\"http:\/\/www.editiondaslabor.de\/blog\/wp-content\/uploads\/2012\/03\/Waldorfschule2.jpg\"><img loading=\"lazy\" decoding=\"async\" aria-describedby=\"caption-attachment-2567\" class=\"wp-image-2567\" title=\"Waldorfschule\" src=\"http:\/\/www.editiondaslabor.de\/blog\/wp-content\/uploads\/2012\/03\/Waldorfschule2-300x205.jpg\" alt=\"\" width=\"300\" height=\"205\" srcset=\"http:\/\/www.editiondaslabor.de\/blog\/wp-content\/uploads\/2012\/03\/Waldorfschule2-300x205.jpg 300w, http:\/\/www.editiondaslabor.de\/blog\/wp-content\/uploads\/2012\/03\/Waldorfschule2-1024x702.jpg 1024w, http:\/\/www.editiondaslabor.de\/blog\/wp-content\/uploads\/2012\/03\/Waldorfschule2.jpg 1654w\" sizes=\"auto, (max-width: 300px) 100vw, 300px\" \/><\/a><p id=\"caption-attachment-2567\" class=\"wp-caption-text\">Sch\u00fcler der Waldorfschule, Gerresheim<\/p><\/div>\n<p style=\"text-align: justify;\">Wer \u00fcber \u00b4Neue Medien` nachdenkt, muss immer auch \u00fcber Literatur nachdenken. Reflexion ist zugleich ihre eigene Selbstreflexion. Literaturp\u00e4dagogik w\u00fcrde demnach &#8211; zugespitzt formuliert &#8211; bedeuten, dass Literatur selbst zu ihrem eigenen Gegenstand wird. Die Literaturp\u00e4dagogik stellt genauso das Medium oder Medialit\u00e4t in Frage. Es ergibt sich ein Spektrum von Verh\u00e4ltnisbestimmungen zwischen den medientheoretischen Fragen: \u201eWas ist das Medium?\u201c &#8211; \u00a0\u201eWas ist die Medialit\u00e4t?\u201c &#8211; Medium, Medien und Medialit\u00e4t sollte man in einem in einem Verbund sehen.<\/p>\n<p style=\"text-align: justify;\">Im Zeitalter der so genannten Neuen Medien erreicht man Jugendliche schwer mit B\u00fcchern. Wir erleben zunehmend einen kulturellen Analphebetismus, den auch die Indifferenz verursacht, zu der die Vereinf\u00e4ltigungsmedien verleiten. User leben eine Kultur der Ungeduld. Sie wissen, wie man etwas findet, aber sie wissen eigentlich nicht was sie finden m\u00f6chten. Das Betriebssystem f\u00fcr die elektronischen Medien ist das Lesen. Das Betriebssystem f\u00fcr das Lesen ist die Sprachkompetenz. Das Betriebssystem f\u00fcr das H\u00f6ren ist Aufmerksamkeit; eine knappe Ressource.<\/p>\n<p style=\"text-align: justify;\">Wichtig ist, da\u00df man beim Lernen die Frustschwelle nach oben treibt. Medienkompetenz umfasst aus meiner Sicht vier Punkte: Medienkunde, Medienkritik, Mediennutzung und Mediengestaltung. Diesen Weg zeichne ich mit dem essayhaften Text <a href=\"http:\/\/www.vordenker.de\/weigoni\/mpaed.htm#7.%20Das%20Erlernen\"><em>Produktorientiertes medienp\u00e4dagogisches Arbeiten mit Jugendlichen<\/em><\/a> nach.<\/p>\n<p>&nbsp;<\/p>\n<p style=\"text-align: center;\">***<\/p>\n<p><strong>Ohryeure,<\/strong> eine akustische Anthologie mit literaturp\u00e4dagogischen H\u00f6rspielprojekten TadR 1993 &#8211; 1998.<\/p>\n<p><strong>Zur Sprache bringen\u2026<\/strong>, abgemischt von Tonmeister T\u00e4ger, TadR. Erschienen als CD, Ursendung auf DeutschlandRadio Kultur, 2003<\/p>\n<div id=\"attachment_101193\" style=\"width: 224px\" class=\"wp-caption alignleft\"><img loading=\"lazy\" decoding=\"async\" aria-describedby=\"caption-attachment-101193\" class=\"wp-image-101193 size-full\" src=\"http:\/\/www.editiondaslabor.de\/blog\/wp-content\/uploads\/2012\/08\/ZurSpracheBringen-e1646046893256.jpg\" alt=\"\" width=\"214\" height=\"300\" \/><p id=\"caption-attachment-101193\" class=\"wp-caption-text\">Die Akteure des O-Ton-H\u00f6rspiels<\/p><\/div>\n<p><strong>Weiterf\u00fchrend \u2192<\/strong><\/p>\n<p style=\"text-align: justify;\">Die Reflexion <em>Medienpa<\/em><em>\u0308<\/em><em>dagogisches Arbeiten mit Jugendlichen <\/em>wurde vom Minipressenarchiv, Mainz in Auftrag gegeben. Sie beleuchtet die Produktionen <a href=\"http:\/\/www.editiondaslabor.de\/blog\/2018\/03\/27\/vor-langer-zeit-in-einer-analogen-galaxie\/\"><em>Ohryeure, eine akustische Anthologie <\/em><\/a>und <em><a href=\"http:\/\/www.editiondaslabor.de\/blog\/2012\/08\/22\/durch-sprache-kenntlich-werden\/\">Zur Sprache bringen<\/a>, <\/em>die als Ho\u0308rbuch erschienen. H\u00f6rbeispiele sind auf vordenker in der Reihe <a href=\"http:\/\/www.editiondaslabor.de\/blog\/2011\/01\/09\/happy-new-ears\/\"><em>MetaPhon <\/em><\/a>zu finden.<\/p>\n","protected":false},"excerpt":{"rendered":"<p>Lernen heisst verstehen lernen, dass man nicht weiss, was man tut. Henri Meschonnics Wer \u00fcber \u00b4Neue Medien` nachdenkt, muss immer auch \u00fcber Literatur nachdenken. Reflexion ist zugleich ihre eigene Selbstreflexion. Literaturp\u00e4dagogik w\u00fcrde demnach &#8211; zugespitzt formuliert &#8211; bedeuten, dass Literatur&hellip;<\/p>\n<p class=\"more-link-p\"><a class=\"more-link\" href=\"http:\/\/www.editiondaslabor.de\/blog\/2012\/03\/14\/literaturpadagogik\/\">Read more &rarr;<\/a><\/p>\n","protected":false},"author":14,"featured_media":101193,"comment_status":"open","ping_status":"open","sticky":false,"template":"","format":"standard","meta":{"footnotes":""},"categories":[1],"tags":[628,3740,35],"class_list":["post-2554","post","type-post","status-publish","format-standard","has-post-thumbnail","hentry","category-literatur","tag-a-j-weigoni","tag-henri-meschonnics","tag-tom-tager"],"_links":{"self":[{"href":"http:\/\/www.editiondaslabor.de\/blog\/wp-json\/wp\/v2\/posts\/2554","targetHints":{"allow":["GET"]}}],"collection":[{"href":"http:\/\/www.editiondaslabor.de\/blog\/wp-json\/wp\/v2\/posts"}],"about":[{"href":"http:\/\/www.editiondaslabor.de\/blog\/wp-json\/wp\/v2\/types\/post"}],"author":[{"embeddable":true,"href":"http:\/\/www.editiondaslabor.de\/blog\/wp-json\/wp\/v2\/users\/14"}],"replies":[{"embeddable":true,"href":"http:\/\/www.editiondaslabor.de\/blog\/wp-json\/wp\/v2\/comments?post=2554"}],"version-history":[{"count":4,"href":"http:\/\/www.editiondaslabor.de\/blog\/wp-json\/wp\/v2\/posts\/2554\/revisions"}],"predecessor-version":[{"id":106735,"href":"http:\/\/www.editiondaslabor.de\/blog\/wp-json\/wp\/v2\/posts\/2554\/revisions\/106735"}],"wp:featuredmedia":[{"embeddable":true,"href":"http:\/\/www.editiondaslabor.de\/blog\/wp-json\/wp\/v2\/media\/101193"}],"wp:attachment":[{"href":"http:\/\/www.editiondaslabor.de\/blog\/wp-json\/wp\/v2\/media?parent=2554"}],"wp:term":[{"taxonomy":"category","embeddable":true,"href":"http:\/\/www.editiondaslabor.de\/blog\/wp-json\/wp\/v2\/categories?post=2554"},{"taxonomy":"post_tag","embeddable":true,"href":"http:\/\/www.editiondaslabor.de\/blog\/wp-json\/wp\/v2\/tags?post=2554"}],"curies":[{"name":"wp","href":"https:\/\/api.w.org\/{rel}","templated":true}]}}