{"id":25110,"date":"2014-09-04T00:01:41","date_gmt":"2014-09-03T22:01:41","guid":{"rendered":"http:\/\/www.editiondaslabor.de\/blog\/?p=25110"},"modified":"2021-09-04T12:19:50","modified_gmt":"2021-09-04T10:19:50","slug":"twitterlesung-auf-der-mobile-tech-conference","status":"publish","type":"post","link":"http:\/\/www.editiondaslabor.de\/blog\/2014\/09\/04\/twitterlesung-auf-der-mobile-tech-conference\/","title":{"rendered":"Twitteria"},"content":{"rendered":"<p>&nbsp;<\/p>\n<p style=\"text-align: justify;\">Eine Twitterlesung findet heute auf Einladung der <a href=\"http:\/\/mobiletechcon.de\/2012\">Mobile Tech Conference<\/a> in Frankfurt am Main. Die beteiligten Autoren werden Tweets lesen, die thematisch passen, was ihnen wom\u00f6glich nicht allzu schwer f\u00e4llt, denn der mobile Lebensstil ist immerhin der Gr\u00fcndungsmythos der hiesigen Twitteria.<\/p>\n<p style=\"text-align: justify;\">Die Lesung findet im Rahmen der Abendverstanstaltung der <a href=\"http:\/\/mobiletechcon.de\/2012\/mobilecommunitynight\/\">Mobile Community Night<\/a>\u00a0statt. Und das beste ist: Obwohl die Konferenz Geld kostet, ist die Abendveranstaltung und damit die Twitterlesung frei! Man muss sich nur <a href=\"http:\/\/www.amiando.com\/TIFDCKR\">anmelden<\/a>.<\/p>\n<p>&nbsp;<\/p>\n<p>&nbsp;<\/p>\n<p>&nbsp;<\/p>\n<p style=\"text-align: center;\">***<\/p>\n<p><em>Ort<\/em>: Interkontinental Frankfurt am Main Wilhelm-Leuschner-Strasse 43 60329 Frankfurt am Main von 20:45 \u2013 22:00 Uhr. <em>Es lesen<\/em>: @<a href=\"http:\/\/twitter.com\/PickiHH\">PickiHH<\/a> @<a href=\"http:\/\/twitter.com\/branek\">branek<\/a> @<a href=\"http:\/\/twitter.com\/mspro\">mspro<\/a><\/p>\n<p>Der Eintritt ist frei!<\/p>\n<div id=\"attachment_48604\" style=\"width: 206px\" class=\"wp-caption alignleft\"><a href=\"http:\/\/www.editiondaslabor.de\/blog\/wp-content\/uploads\/2019\/09\/TwitteraturCover-e1555683811601.jpeg\"><img loading=\"lazy\" decoding=\"async\" aria-describedby=\"caption-attachment-48604\" class=\"wp-image-48604 size-medium\" src=\"http:\/\/www.editiondaslabor.de\/blog\/wp-content\/uploads\/2019\/09\/TwitteraturCover-196x300.jpeg\" alt=\"\" width=\"196\" height=\"300\" \/><\/a><p id=\"caption-attachment-48604\" class=\"wp-caption-text\">Das &#8222;Hungertuch&#8220; von Haimo Hieronymus in der Martinskirche, Linz am Rhein<\/p><\/div>\n<p style=\"text-align: justify;\"><strong>Weiterf\u00fchrend \u2192<\/strong><\/p>\n<p style=\"text-align: justify;\">KUNO hat unterschiedliche Autoren zu einen Exkurs zur Twitteratur gebeten, und gl\u00fccklicherweise sind die Antworten so vielf\u00e4ltig, wie die Arbeiten dieser Autoren. \u00dcber den <a href=\"http:\/\/www.editiondaslabor.de\/blog\/2009\/03\/16\/small-is-beautiful\/\">Vorl\u00e4ufer der Twitteratur<\/a> berichtet Maximilian Zander. Anja Wurm, sizzierte, warum Netzliteratur <a href=\"http:\/\/www.editiondaslabor.de\/blog\/?p=20142\">Ohne Unterla\u00df<\/a> geschieht. Ulrich Bergmann sieht das Thema in seinem Einsprengsel <a href=\"http:\/\/www.editiondaslabor.de\/blog\/?p=21388\">ad gloriam tvvitteraturae!<\/a> eher kulturpessimistisch. F\u00fcr Karl Feldkamp ist <em>Twitteratur<\/em>: <a href=\"http:\/\/www.editiondaslabor.de\/blog\/?p=21804\">Kurz knackig einf\u00fchlsam<\/a>. Jesko Hagen denkt \u00fcber das fragile Gleichgewicht von Kunst und Politik <a href=\"http:\/\/www.editiondaslabor.de\/blog\/?p=13711\">nach<\/a>. Sebastian Schmidt <a href=\"http:\/\/www.editiondaslabor.de\/blog\/?p=23267\">erkundet<\/a> das Sein in der Timeline. Gleichfalls zur Kurzform Lyrik haben wir Dr. Tamara Kudryavtseva vom Gorki-Institut f\u00fcr Weltliteratur der Russischen Akademie der Wissenschaften um einen <a href=\"http:\/\/www.editiondaslabor.de\/blog\/?p=22638\">Beitrag<\/a> gebeten. Mit &#8218;TWITTERATUR | Digitale K\u00fcrzestschreibweisen&#8216; betreten Jan Drees und Sandra Anika Meyer ein neues Beobachtungsfeld der Literaturwissenschaft. Und sie machen erste Vorschl\u00e4ge, wie es zu kartographieren w\u00e4re. Eine unverzichtbare <a href=\"http:\/\/www.editiondaslabor.de\/blog\/?p=23810\">Lekt\u00fcre <\/a>zu dieser neuen Gattung. Maximilian Zander berichtet \u00fcber eine <a href=\"http:\/\/www.editiondaslabor.de\/blog\/2011\/12\/07\/kleinform\/\">Kleinform der spanischen Literatur<\/a>. Holger Benkel begibt sich mit seinen <a href=\"http:\/\/www.editiondaslabor.de\/blog\/?p=22451\">Aphorismen<\/a> <em>Gedanken, die um Ecken bie<\/em>gen auf ein anderes Versuchsfeld. Die Variation von Haimo Hieronymus <em>Twitteratur<\/em> ist die <a href=\"http:\/\/www.editiondaslabor.de\/blog\/?p=22449\">Kurznovelle<\/a>. Peter Meilchen beschreibt in der Reihe <em>Leben in M\u00f6glichkeitsfloskeln <\/em>die Augenblicke, da das Wahrnehmen in das Verlangen umschl\u00e4gt, das Wahrgenommene schreibend zu <a href=\"http:\/\/www.editiondaslabor.de\/blog\/?p=22445\">fixieren<\/a>. Sophie Reyer bezieht sich auf die Tradition der Lyrik und vollzieht den Weg <a href=\"http:\/\/www.editiondaslabor.de\/blog\/?p=21415\">vom Zierpen zum Zwitschern<\/a> nach. Gemeinsam mit Sophie Reyer pr\u00e4sentierte A.J. Weigoni auf KUNO das Projekt <a href=\"http:\/\/www.editiondaslabor.de\/blog\/?p=19038\">Wortspielhalle<\/a>, welches mit dem <a href=\"http:\/\/www.editiondaslabor.de\/blog\/?p=22035\">lime_lab<\/a> ausgezeichnet wurde. Mit dem fulminanten Essay <a href=\"http:\/\/www.editiondaslabor.de\/blog\/?p=26608\">Romanvernichtungsdreck! #errorcreatingtweet<\/a> setzte Denis Ulrich den vorl\u00e4ufigen Schlu\u00dfpunkt.<\/p>\n<p style=\"text-align: justify;\">\n","protected":false},"excerpt":{"rendered":"<p>&nbsp; Eine Twitterlesung findet heute auf Einladung der Mobile Tech Conference in Frankfurt am Main. Die beteiligten Autoren werden Tweets lesen, die thematisch passen, was ihnen wom\u00f6glich nicht allzu schwer f\u00e4llt, denn der mobile Lebensstil ist immerhin der Gr\u00fcndungsmythos der&hellip;<\/p>\n<p class=\"more-link-p\"><a class=\"more-link\" href=\"http:\/\/www.editiondaslabor.de\/blog\/2014\/09\/04\/twitterlesung-auf-der-mobile-tech-conference\/\">Read more &rarr;<\/a><\/p>\n","protected":false},"author":257,"featured_media":48604,"comment_status":"closed","ping_status":"open","sticky":false,"template":"","format":"standard","meta":{"footnotes":""},"categories":[1],"tags":[],"class_list":["post-25110","post","type-post","status-publish","format-standard","has-post-thumbnail","hentry","category-literatur"],"_links":{"self":[{"href":"http:\/\/www.editiondaslabor.de\/blog\/wp-json\/wp\/v2\/posts\/25110","targetHints":{"allow":["GET"]}}],"collection":[{"href":"http:\/\/www.editiondaslabor.de\/blog\/wp-json\/wp\/v2\/posts"}],"about":[{"href":"http:\/\/www.editiondaslabor.de\/blog\/wp-json\/wp\/v2\/types\/post"}],"author":[{"embeddable":true,"href":"http:\/\/www.editiondaslabor.de\/blog\/wp-json\/wp\/v2\/users\/257"}],"replies":[{"embeddable":true,"href":"http:\/\/www.editiondaslabor.de\/blog\/wp-json\/wp\/v2\/comments?post=25110"}],"version-history":[{"count":0,"href":"http:\/\/www.editiondaslabor.de\/blog\/wp-json\/wp\/v2\/posts\/25110\/revisions"}],"wp:featuredmedia":[{"embeddable":true,"href":"http:\/\/www.editiondaslabor.de\/blog\/wp-json\/"}],"wp:attachment":[{"href":"http:\/\/www.editiondaslabor.de\/blog\/wp-json\/wp\/v2\/media?parent=25110"}],"wp:term":[{"taxonomy":"category","embeddable":true,"href":"http:\/\/www.editiondaslabor.de\/blog\/wp-json\/wp\/v2\/categories?post=25110"},{"taxonomy":"post_tag","embeddable":true,"href":"http:\/\/www.editiondaslabor.de\/blog\/wp-json\/wp\/v2\/tags?post=25110"}],"curies":[{"name":"wp","href":"https:\/\/api.w.org\/{rel}","templated":true}]}}