{"id":2490,"date":"1993-02-24T00:01:03","date_gmt":"1993-02-23T23:01:03","guid":{"rendered":"http:\/\/www.editiondaslabor.de\/blog\/?p=2490"},"modified":"2024-06-06T15:38:37","modified_gmt":"2024-06-06T13:38:37","slug":"semantik","status":"publish","type":"post","link":"http:\/\/www.editiondaslabor.de\/blog\/1993\/02\/24\/semantik\/","title":{"rendered":"Semantik"},"content":{"rendered":"<p>&nbsp;<\/p>\r\n<p>Ganze Romane<\/p>\r\n<p>die nichts bedeuten<\/p>\r\n<p>und dann<\/p>\r\n<p>ganz unerwartet<\/p>\r\n<p>st\u00fcrzt du \u00fcber die Semantik<\/p>\r\n<p>eines Wortes<\/p>\r\n<p>&nbsp;<\/p>\r\n<p>&nbsp;<\/p>\r\n<p style=\"text-align: center;\">***<\/p>\r\n<p style=\"text-align: justify;\"><a href=\"http:\/\/www.editiondaslabor.de\/blog\/wp-content\/uploads\/2012\/03\/IMG_4149.jpg\"><img loading=\"lazy\" decoding=\"async\" class=\"alignleft size-large wp-image-2491\" title=\"IMG_4149\" src=\"http:\/\/www.editiondaslabor.de\/blog\/wp-content\/uploads\/2012\/03\/IMG_4149-1024x681.jpg\" alt=\"\" width=\"456\" height=\"303\" srcset=\"http:\/\/www.editiondaslabor.de\/blog\/wp-content\/uploads\/2012\/03\/IMG_4149-1024x681.jpg 1024w, http:\/\/www.editiondaslabor.de\/blog\/wp-content\/uploads\/2012\/03\/IMG_4149-300x199.jpg 300w\" sizes=\"auto, (max-width: 456px) 100vw, 456px\" \/><\/a><strong>Weiterf\u00fchrend \u2192<\/strong> Zum Thema K\u00fcnstlerb\u00fccher finden Sie hier einen <a href=\"http:\/\/www.editiondaslabor.de\/blog\/?p=12840\">Essay<\/a> sowie einen <a href=\"http:\/\/www.editiondaslabor.de\/blog\/?p=834\">Artikel<\/a> von J.C. Albers. Vertiefend auch das <a href=\"http:\/\/www.editiondaslabor.de\/blog\/?p=21407\">Kollegengespr\u00e4ch<\/a> mit Haimo Hieronymus.<\/p>\r\n<p style=\"text-align: justify;\"><strong>\u2192\u00a0<\/strong><\/p>\r\n<p style=\"text-align: justify;\">Poesie z\u00e4hlt f\u00fcr KUNO weiterhin zu den wichtigsten identit\u00e4ts- und identifikationstiftenden Elementen einer Kultur, dies bezeugte auch der Versuch einer <a href=\"http:\/\/www.editiondaslabor.de\/blog\/?p=25630\">poetologischen Positionsbestimmung<\/a>.<\/p>\r\n\r\n<p>&nbsp;<\/p>\r\n","protected":false},"excerpt":{"rendered":"<p>&nbsp; Ganze Romane die nichts bedeuten und dann ganz unerwartet st\u00fcrzt du \u00fcber die Semantik eines Wortes &nbsp; &nbsp; *** Weiterf\u00fchrend \u2192 Zum Thema K\u00fcnstlerb\u00fccher finden Sie hier einen Essay sowie einen Artikel von J.C. Albers. Vertiefend auch das Kollegengespr\u00e4ch&hellip;<\/p>\n<p class=\"more-link-p\"><a class=\"more-link\" href=\"http:\/\/www.editiondaslabor.de\/blog\/1993\/02\/24\/semantik\/\">Read more &rarr;<\/a><\/p>\n","protected":false},"author":4,"featured_media":99105,"comment_status":"open","ping_status":"open","sticky":false,"template":"","format":"standard","meta":{"footnotes":""},"categories":[1],"tags":[44],"class_list":["post-2490","post","type-post","status-publish","format-standard","has-post-thumbnail","hentry","category-literatur","tag-haimo-hieronymus"],"_links":{"self":[{"href":"http:\/\/www.editiondaslabor.de\/blog\/wp-json\/wp\/v2\/posts\/2490","targetHints":{"allow":["GET"]}}],"collection":[{"href":"http:\/\/www.editiondaslabor.de\/blog\/wp-json\/wp\/v2\/posts"}],"about":[{"href":"http:\/\/www.editiondaslabor.de\/blog\/wp-json\/wp\/v2\/types\/post"}],"author":[{"embeddable":true,"href":"http:\/\/www.editiondaslabor.de\/blog\/wp-json\/wp\/v2\/users\/4"}],"replies":[{"embeddable":true,"href":"http:\/\/www.editiondaslabor.de\/blog\/wp-json\/wp\/v2\/comments?post=2490"}],"version-history":[{"count":2,"href":"http:\/\/www.editiondaslabor.de\/blog\/wp-json\/wp\/v2\/posts\/2490\/revisions"}],"predecessor-version":[{"id":99106,"href":"http:\/\/www.editiondaslabor.de\/blog\/wp-json\/wp\/v2\/posts\/2490\/revisions\/99106"}],"wp:featuredmedia":[{"embeddable":true,"href":"http:\/\/www.editiondaslabor.de\/blog\/wp-json\/wp\/v2\/media\/99105"}],"wp:attachment":[{"href":"http:\/\/www.editiondaslabor.de\/blog\/wp-json\/wp\/v2\/media?parent=2490"}],"wp:term":[{"taxonomy":"category","embeddable":true,"href":"http:\/\/www.editiondaslabor.de\/blog\/wp-json\/wp\/v2\/categories?post=2490"},{"taxonomy":"post_tag","embeddable":true,"href":"http:\/\/www.editiondaslabor.de\/blog\/wp-json\/wp\/v2\/tags?post=2490"}],"curies":[{"name":"wp","href":"https:\/\/api.w.org\/{rel}","templated":true}]}}