{"id":22398,"date":"2009-03-07T00:01:13","date_gmt":"2009-03-06T23:01:13","guid":{"rendered":"http:\/\/www.editiondaslabor.de\/blog\/?p=22398"},"modified":"2021-12-07T18:39:49","modified_gmt":"2021-12-07T17:39:49","slug":"gedanken-die-um-ecken-biegen-15","status":"publish","type":"post","link":"http:\/\/www.editiondaslabor.de\/blog\/2009\/03\/07\/gedanken-die-um-ecken-biegen-15\/","title":{"rendered":"Gedanken, die um Ecken biegen"},"content":{"rendered":"<p>&nbsp;<\/p>\n<p style=\"text-align: justify;\">der imagination, die im toten das ahnbare wittern l\u00e4\u00dft, wird das grab zur passage in den innenraum. aufbl\u00fchen und verwelken, lieben und sterben, ekstase und askese, glut und frost sind ihr jeweils verwandte kr\u00e4fte, ereignisse, zust\u00e4nde und prozesse, auspr\u00e4gungen derselben energien.<\/p>\n<p>&nbsp;<\/p>\n<p>&nbsp;<\/p>\n<p style=\"text-align: center;\">***<\/p>\n<div id=\"attachment_21488\" style=\"width: 221px\" class=\"wp-caption alignleft\"><img loading=\"lazy\" decoding=\"async\" aria-describedby=\"caption-attachment-21488\" class=\"size-full wp-image-21488\" src=\"http:\/\/www.editiondaslabor.de\/blog\/wp-content\/uploads\/2014\/01\/Cover11.jpg\" alt=\"\" width=\"211\" height=\"300\" \/><p id=\"caption-attachment-21488\" class=\"wp-caption-text\">Covermotiv von Gedanken, die um Ecken biegen, Uwe Albert, Technik: Aquarell \/ Feder<\/p><\/div>\n<p style=\"text-align: justify;\">In Vorbereitung ist der Band: <strong>Gedanken, die um Ecken biegen<\/strong>, Aphorismen von Holger Benkel.<\/p>\n<h5>Weiterf\u00fchrend \u2192<\/h5>\n<p style=\"text-align: justify;\">Ein Portr\u00e4t von Holger Benkel lesen Sie <a href=\"http:\/\/www.editiondaslabor.de\/blog\/?p=12769\">hier<\/a>. \u00dcber die Literaturgattung <em>Twitteratur<\/em> finden Sie <a href=\"http:\/\/www.editiondaslabor.de\/blog\/?p=22423\">hier<\/a> einen Essay. Einen Hinweis auf die in der Edition Das Labor erschienen Essays von Holger Benkel finden Sie <a href=\"http:\/\/www.editiondaslabor.de\/blog\/?p=21478\">hier<\/a>.<\/p>\n","protected":false},"excerpt":{"rendered":"<p>&nbsp; der imagination, die im toten das ahnbare wittern l\u00e4\u00dft, wird das grab zur passage in den innenraum. aufbl\u00fchen und verwelken, lieben und sterben, ekstase und askese, glut und frost sind ihr jeweils verwandte kr\u00e4fte, ereignisse, zust\u00e4nde und prozesse, auspr\u00e4gungen&hellip;<\/p>\n<p class=\"more-link-p\"><a class=\"more-link\" href=\"http:\/\/www.editiondaslabor.de\/blog\/2009\/03\/07\/gedanken-die-um-ecken-biegen-15\/\">Read more &rarr;<\/a><\/p>\n","protected":false},"author":36,"featured_media":10306,"comment_status":"closed","ping_status":"open","sticky":false,"template":"","format":"standard","meta":{"footnotes":""},"categories":[1],"tags":[94],"class_list":["post-22398","post","type-post","status-publish","format-standard","has-post-thumbnail","hentry","category-literatur","tag-holger-benkel"],"_links":{"self":[{"href":"http:\/\/www.editiondaslabor.de\/blog\/wp-json\/wp\/v2\/posts\/22398","targetHints":{"allow":["GET"]}}],"collection":[{"href":"http:\/\/www.editiondaslabor.de\/blog\/wp-json\/wp\/v2\/posts"}],"about":[{"href":"http:\/\/www.editiondaslabor.de\/blog\/wp-json\/wp\/v2\/types\/post"}],"author":[{"embeddable":true,"href":"http:\/\/www.editiondaslabor.de\/blog\/wp-json\/wp\/v2\/users\/36"}],"replies":[{"embeddable":true,"href":"http:\/\/www.editiondaslabor.de\/blog\/wp-json\/wp\/v2\/comments?post=22398"}],"version-history":[{"count":0,"href":"http:\/\/www.editiondaslabor.de\/blog\/wp-json\/wp\/v2\/posts\/22398\/revisions"}],"wp:featuredmedia":[{"embeddable":true,"href":"http:\/\/www.editiondaslabor.de\/blog\/wp-json\/"}],"wp:attachment":[{"href":"http:\/\/www.editiondaslabor.de\/blog\/wp-json\/wp\/v2\/media?parent=22398"}],"wp:term":[{"taxonomy":"category","embeddable":true,"href":"http:\/\/www.editiondaslabor.de\/blog\/wp-json\/wp\/v2\/categories?post=22398"},{"taxonomy":"post_tag","embeddable":true,"href":"http:\/\/www.editiondaslabor.de\/blog\/wp-json\/wp\/v2\/tags?post=22398"}],"curies":[{"name":"wp","href":"https:\/\/api.w.org\/{rel}","templated":true}]}}