{"id":22393,"date":"2011-09-29T00:01:44","date_gmt":"2011-09-28T22:01:44","guid":{"rendered":"http:\/\/www.editiondaslabor.de\/blog\/?p=22393"},"modified":"2024-09-24T17:06:57","modified_gmt":"2024-09-24T15:06:57","slug":"gedanken-die-um-ecken-biegen-13","status":"publish","type":"post","link":"http:\/\/www.editiondaslabor.de\/blog\/2011\/09\/29\/gedanken-die-um-ecken-biegen-13\/","title":{"rendered":"Gedanken, die um Ecken biegen"},"content":{"rendered":"<p>&nbsp;<\/p>\n<p style=\"text-align: justify;\">todesgedanken bei dichtern sind oft auferstehungsgedanken und apokalyptische visionen der umgekehrte ausdruck eines, bewu\u00dften oder unbewu\u00dften, verlangens nach einer besseren gegenw\u00e4rtigen und realen welt, ihrer utopien, ihres kulturidealismus und glaubens.<\/p>\n<p>&nbsp;<\/p>\n<p>&nbsp;<\/p>\n<p style=\"text-align: center;\">***<\/p>\n<p style=\"text-align: justify;\">In Vorbereitung: <strong>Gedanken, die um Ecken biegen<\/strong>, Aphorismen von Holger Benkel, Edition Das Labor<\/p>\n<h5 style=\"text-align: justify;\"><strong><img loading=\"lazy\" decoding=\"async\" class=\"size-full wp-image-100849 alignleft\" src=\"http:\/\/www.editiondaslabor.de\/blog\/wp-content\/uploads\/2023\/12\/Gedanken-die-um-Ecken-biegen.jpg\" alt=\"\" width=\"211\" height=\"300\" srcset=\"http:\/\/www.editiondaslabor.de\/blog\/wp-content\/uploads\/2023\/12\/Gedanken-die-um-Ecken-biegen.jpg 211w, http:\/\/www.editiondaslabor.de\/blog\/wp-content\/uploads\/2023\/12\/Gedanken-die-um-Ecken-biegen-160x227.jpg 160w\" sizes=\"auto, (max-width: 211px) 100vw, 211px\" \/><\/strong><b>Weiterf\u00fchrend <\/b><b>\u2192<\/b><\/h5>\n<p style=\"text-align: justify;\">Holger Benkels <a href=\"http:\/\/www.editiondaslabor.de\/blog\/?p=10304\"><em>Gedanken, die um Ecken biegen<\/em><\/a> gehen weiter als der geschriebene Text; sie sind kein Ende, sondern ein Anfang. Sie versuchen, diesen kleinen Rest an Sprache etwas aufzuhellen, und wagen es seine R\u00e4nder verstehbar zu machen.<\/p>\n<p style=\"text-align: justify;\"><b><\/b><b>\u2192<\/b> Wir begreifen die Gattung des Essays auf KUNO als eine <a href=\"http:\/\/www.editiondaslabor.de\/blog\/2013\/12\/10\/zur-gattung-essay\/\">Versuchsanordnung<\/a>, undogmatisch, subjektiv, experimentell, ergebnisoffen. Was den <a href=\"http:\/\/www.editiondaslabor.de\/blog\/?p=21478\">Rezensionsessays<\/a> von Holger Benkel die \u00dcberzeugungskraft verleiht, ist die philosophische Anstrengung, denen er sein Material unterwirft.<\/p>\n<p>&nbsp;<\/p>\n","protected":false},"excerpt":{"rendered":"<p>&nbsp; todesgedanken bei dichtern sind oft auferstehungsgedanken und apokalyptische visionen der umgekehrte ausdruck eines, bewu\u00dften oder unbewu\u00dften, verlangens nach einer besseren gegenw\u00e4rtigen und realen welt, ihrer utopien, ihres kulturidealismus und glaubens. &nbsp; &nbsp; *** In Vorbereitung: Gedanken, die um Ecken&hellip;<\/p>\n<p class=\"more-link-p\"><a class=\"more-link\" href=\"http:\/\/www.editiondaslabor.de\/blog\/2011\/09\/29\/gedanken-die-um-ecken-biegen-13\/\">Read more &rarr;<\/a><\/p>\n","protected":false},"author":36,"featured_media":100849,"comment_status":"closed","ping_status":"open","sticky":false,"template":"","format":"standard","meta":{"footnotes":""},"categories":[1],"tags":[94,4397],"class_list":["post-22393","post","type-post","status-publish","format-standard","has-post-thumbnail","hentry","category-literatur","tag-holger-benkel","tag-rheintor"],"_links":{"self":[{"href":"http:\/\/www.editiondaslabor.de\/blog\/wp-json\/wp\/v2\/posts\/22393","targetHints":{"allow":["GET"]}}],"collection":[{"href":"http:\/\/www.editiondaslabor.de\/blog\/wp-json\/wp\/v2\/posts"}],"about":[{"href":"http:\/\/www.editiondaslabor.de\/blog\/wp-json\/wp\/v2\/types\/post"}],"author":[{"embeddable":true,"href":"http:\/\/www.editiondaslabor.de\/blog\/wp-json\/wp\/v2\/users\/36"}],"replies":[{"embeddable":true,"href":"http:\/\/www.editiondaslabor.de\/blog\/wp-json\/wp\/v2\/comments?post=22393"}],"version-history":[{"count":2,"href":"http:\/\/www.editiondaslabor.de\/blog\/wp-json\/wp\/v2\/posts\/22393\/revisions"}],"predecessor-version":[{"id":106399,"href":"http:\/\/www.editiondaslabor.de\/blog\/wp-json\/wp\/v2\/posts\/22393\/revisions\/106399"}],"wp:featuredmedia":[{"embeddable":true,"href":"http:\/\/www.editiondaslabor.de\/blog\/wp-json\/wp\/v2\/media\/100849"}],"wp:attachment":[{"href":"http:\/\/www.editiondaslabor.de\/blog\/wp-json\/wp\/v2\/media?parent=22393"}],"wp:term":[{"taxonomy":"category","embeddable":true,"href":"http:\/\/www.editiondaslabor.de\/blog\/wp-json\/wp\/v2\/categories?post=22393"},{"taxonomy":"post_tag","embeddable":true,"href":"http:\/\/www.editiondaslabor.de\/blog\/wp-json\/wp\/v2\/tags?post=22393"}],"curies":[{"name":"wp","href":"https:\/\/api.w.org\/{rel}","templated":true}]}}