{"id":22388,"date":"2014-07-26T00:01:37","date_gmt":"2014-07-25T22:01:37","guid":{"rendered":"http:\/\/www.editiondaslabor.de\/blog\/?p=22388"},"modified":"2022-07-26T07:48:09","modified_gmt":"2022-07-26T05:48:09","slug":"gedanken-die-um-ecken-biegen-11","status":"publish","type":"post","link":"http:\/\/www.editiondaslabor.de\/blog\/2014\/07\/26\/gedanken-die-um-ecken-biegen-11\/","title":{"rendered":"Gedanken, die um Ecken biegen"},"content":{"rendered":"<p>&nbsp;<\/p>\n<p style=\"text-align: justify;\">je tiefer man sich denkend einen gegenstand aneignet, umso mehr verschwinden die klaren kausalit\u00e4ten, die man an der oberfl\u00e4che gefunden hat, und man entdeckt vielschichtige und sich teilweise \u00fcberlagernde labyrinthische, spiralf\u00f6rmige und f\u00e4cherartige formen sowie widerspr\u00fcchliche, ambivalente, paradoxe und absurde inhalte, die ein relativierendes denken verlangen.<\/p>\n<p>&nbsp;<\/p>\n<p>&nbsp;<\/p>\n<p style=\"text-align: center;\">***<\/p>\n<p style=\"text-align: justify;\"><strong>Gedanken, die um Ecken biegen<\/strong>, Aphorismen von Holger Benkel, Edition Das Labor, M\u00fclheim 2013<\/p>\n<div id=\"attachment_100849\" style=\"width: 221px\" class=\"wp-caption alignleft\"><img loading=\"lazy\" decoding=\"async\" aria-describedby=\"caption-attachment-100849\" class=\"wp-image-100849 size-full\" src=\"http:\/\/www.editiondaslabor.de\/blog\/wp-content\/uploads\/2023\/12\/Gedanken-die-um-Ecken-biegen.jpg\" alt=\"\" width=\"211\" height=\"300\" srcset=\"http:\/\/www.editiondaslabor.de\/blog\/wp-content\/uploads\/2023\/12\/Gedanken-die-um-Ecken-biegen.jpg 211w, http:\/\/www.editiondaslabor.de\/blog\/wp-content\/uploads\/2023\/12\/Gedanken-die-um-Ecken-biegen-160x227.jpg 160w\" sizes=\"auto, (max-width: 211px) 100vw, 211px\" \/><p id=\"caption-attachment-100849\" class=\"wp-caption-text\">Covergraphik: Uwe Albert<\/p><\/div>\n<p style=\"text-align: justify;\">Holger Benkels <a href=\"http:\/\/www.editiondaslabor.de\/blog\/?p=10304\"><em>Gedanken, die um Ecken biegen<\/em><\/a> gehen weiter als der geschriebene Text; sie sind kein Ende, sondern ein Anfang. Sie versuchen, diesen kleinen Rest an Sprache etwas aufzuhellen, und wagen es seine R\u00e4nder verstehbar zu machen. Benkels Aphorismen sind dort am eigenwilligsten, wo sie die Realit\u00e4t der Dichtung beweisen helfen.<\/p>\n<h5 style=\"text-align: justify;\">Weiterf\u00fchrend \u2192<\/h5>\n<p style=\"text-align: justify;\">Auf KUNO lesen Sie u.a. Rezensionsessays von Holger Benkel \u00fcber die <a href=\"http:\/\/www.editiondaslabor.de\/blog\/?p=11282\">Br\u00fcder Grimm<\/a>, <a href=\"http:\/\/www.editiondaslabor.de\/blog\/?p=6837\">Ulrich Bergmann<\/a>, <a href=\"http:\/\/www.editiondaslabor.de\/blog\/?p=11284\">A.J. Weigoni<\/a>, zur Lyrik von <a href=\"http:\/\/www.editiondaslabor.de\/blog\/2019\/04\/18\/heiterer-sarkasmus\/\">HEL<\/a> = Herbert Laschet Toussaint, <a href=\"http:\/\/www.editiondaslabor.de\/blog\/2018\/09\/08\/sinnlich-fassbare-kunst\/\">Haimo Hieronymus<\/a>, <a href=\"http:\/\/www.editiondaslabor.de\/blog\/?p=11279\">Uwe Albert<\/a>, <a href=\"http:\/\/www.editiondaslabor.de\/blog\/?p=15175\">Andr\u00e9 Schinkel<\/a>, <a href=\"http:\/\/www.editiondaslabor.de\/blog\/2017\/11\/12\/mit-deutschen-untertiteln\/\">Ralph Pordzik<\/a>,\u00a0<a href=\"http:\/\/www.editiondaslabor.de\/blog\/2018\/12\/20\/wohnraeume-der-poesie\/\">Friederike Mayr\u00f6cker<\/a>, <a href=\"http:\/\/www.editiondaslabor.de\/blog\/2017\/03\/19\/welten-gegenwelten\/\">Werner Weimar-Mazur<\/a>, <a href=\"http:\/\/www.editiondaslabor.de\/blog\/2017\/02\/09\/ein-behutsamer-charakter\/\">Holger Uske<\/a>, <a href=\"http:\/\/www.editiondaslabor.de\/blog\/2014\/11\/06\/kritischer-optimismus\/\">Joachim Paul<\/a>, <a href=\"http:\/\/www.editiondaslabor.de\/blog\/2019\/06\/26\/wohnraeume-der-poesie-2\/\">Peter Engstler<\/a>, <a href=\"http:\/\/www.editiondaslabor.de\/blog\/2011\/10\/27\/kranich-2\/\">J\u00fcrgen Diehl<\/a>, <a href=\"http:\/\/www.editiondaslabor.de\/blog\/?p=15177\">Birgitt Lieberwirth<\/a>, <a href=\"http:\/\/www.editiondaslabor.de\/blog\/2019\/08\/17\/der-grill-auf-der-hauswiese-der-welt\/\">Linda Vilhj\u00e1lmsd\u00f3ttir<\/a>, <a href=\"http:\/\/www.editiondaslabor.de\/blog\/?p=15179\">Sabine Kunz<\/a><span data-offset-key=\"54t8d-0-0\">, <a href=\"http:\/\/www.editiondaslabor.de\/blog\/2020\/03\/12\/kuchenmaennchen-und-hummermenschen\/\">Sibylle Ciarloni <\/a><\/span>und <a href=\"http:\/\/www.editiondaslabor.de\/blog\/2020\/02\/08\/die-witterung-der-worte\/\">Joanna Lisiak<\/a>.<\/p>\n<p>&nbsp;<\/p>\n<p style=\"text-align: justify;\">\n","protected":false},"excerpt":{"rendered":"<p>&nbsp; je tiefer man sich denkend einen gegenstand aneignet, umso mehr verschwinden die klaren kausalit\u00e4ten, die man an der oberfl\u00e4che gefunden hat, und man entdeckt vielschichtige und sich teilweise \u00fcberlagernde labyrinthische, spiralf\u00f6rmige und f\u00e4cherartige formen sowie widerspr\u00fcchliche, ambivalente, paradoxe und&hellip;<\/p>\n<p class=\"more-link-p\"><a class=\"more-link\" href=\"http:\/\/www.editiondaslabor.de\/blog\/2014\/07\/26\/gedanken-die-um-ecken-biegen-11\/\">Read more &rarr;<\/a><\/p>\n","protected":false},"author":36,"featured_media":100849,"comment_status":"closed","ping_status":"open","sticky":false,"template":"","format":"standard","meta":{"footnotes":""},"categories":[1],"tags":[94],"class_list":["post-22388","post","type-post","status-publish","format-standard","has-post-thumbnail","hentry","category-literatur","tag-holger-benkel"],"_links":{"self":[{"href":"http:\/\/www.editiondaslabor.de\/blog\/wp-json\/wp\/v2\/posts\/22388","targetHints":{"allow":["GET"]}}],"collection":[{"href":"http:\/\/www.editiondaslabor.de\/blog\/wp-json\/wp\/v2\/posts"}],"about":[{"href":"http:\/\/www.editiondaslabor.de\/blog\/wp-json\/wp\/v2\/types\/post"}],"author":[{"embeddable":true,"href":"http:\/\/www.editiondaslabor.de\/blog\/wp-json\/wp\/v2\/users\/36"}],"replies":[{"embeddable":true,"href":"http:\/\/www.editiondaslabor.de\/blog\/wp-json\/wp\/v2\/comments?post=22388"}],"version-history":[{"count":2,"href":"http:\/\/www.editiondaslabor.de\/blog\/wp-json\/wp\/v2\/posts\/22388\/revisions"}],"predecessor-version":[{"id":103877,"href":"http:\/\/www.editiondaslabor.de\/blog\/wp-json\/wp\/v2\/posts\/22388\/revisions\/103877"}],"wp:featuredmedia":[{"embeddable":true,"href":"http:\/\/www.editiondaslabor.de\/blog\/wp-json\/wp\/v2\/media\/100849"}],"wp:attachment":[{"href":"http:\/\/www.editiondaslabor.de\/blog\/wp-json\/wp\/v2\/media?parent=22388"}],"wp:term":[{"taxonomy":"category","embeddable":true,"href":"http:\/\/www.editiondaslabor.de\/blog\/wp-json\/wp\/v2\/categories?post=22388"},{"taxonomy":"post_tag","embeddable":true,"href":"http:\/\/www.editiondaslabor.de\/blog\/wp-json\/wp\/v2\/tags?post=22388"}],"curies":[{"name":"wp","href":"https:\/\/api.w.org\/{rel}","templated":true}]}}