{"id":21999,"date":"2014-04-10T00:01:56","date_gmt":"2014-04-09T22:01:56","guid":{"rendered":"http:\/\/www.editiondaslabor.de\/blog\/?p=21999"},"modified":"2022-02-22T19:12:30","modified_gmt":"2022-02-22T18:12:30","slug":"twitteratur-29","status":"publish","type":"post","link":"http:\/\/www.editiondaslabor.de\/blog\/2014\/04\/10\/twitteratur-29\/","title":{"rendered":"Sich an der Sch\u00f6nheit r\u00e4chen"},"content":{"rendered":"<p>&nbsp;<\/p>\n<p style=\"text-align: justify;\">Einen Dichter zu beleidigen ist doppelt gef\u00e4hrlich. Er kann sich an der Sch\u00f6nheit r\u00e4chen durch Schweigen und\u00a0durch Reden.<\/p>\n<p>&nbsp;<\/p>\n<p>&nbsp;<\/p>\n<p>&nbsp;<\/p>\n<p style=\"text-align: center;\">***<\/p>\n<p class=\"hide-if-no-js\" style=\"text-align: justify;\"><a id=\"set-post-thumbnail\" class=\"thickbox\" href=\"http:\/\/www.editiondaslabor.de\/blog\/wp-admin\/media-upload.php?post_id=21999&amp;type=image&amp;TB_iframe=1\" aria-describedby=\"set-post-thumbnail-desc\"><img loading=\"lazy\" decoding=\"async\" class=\"attachment-266x266 size-266x266 alignleft\" src=\"http:\/\/www.editiondaslabor.de\/blog\/wp-content\/uploads\/2013\/12\/Boerne.jpg\" alt=\"\" width=\"210\" height=\"266\" \/><\/a><strong>Weiterf\u00fchrend\u00a0\u2192 <\/strong>ein Essay \u00fcber die neue Literaturgattung <a href=\"http:\/\/www.editiondaslabor.de\/blog\/?p=22423\"><em>Twitteratur<\/em><\/a>.<\/p>\n","protected":false},"excerpt":{"rendered":"<p>&nbsp; Einen Dichter zu beleidigen ist doppelt gef\u00e4hrlich. Er kann sich an der Sch\u00f6nheit r\u00e4chen durch Schweigen und\u00a0durch Reden. &nbsp; &nbsp; &nbsp; *** Weiterf\u00fchrend\u00a0\u2192 ein Essay \u00fcber die neue Literaturgattung Twitteratur.<\/p>\n<p class=\"more-link-p\"><a class=\"more-link\" href=\"http:\/\/www.editiondaslabor.de\/blog\/2014\/04\/10\/twitteratur-29\/\">Read more &rarr;<\/a><\/p>\n","protected":false},"author":90,"featured_media":99554,"comment_status":"closed","ping_status":"open","sticky":false,"template":"","format":"standard","meta":{"footnotes":""},"categories":[1],"tags":[1169],"class_list":["post-21999","post","type-post","status-publish","format-standard","has-post-thumbnail","hentry","category-literatur","tag-ludwig-boerne"],"_links":{"self":[{"href":"http:\/\/www.editiondaslabor.de\/blog\/wp-json\/wp\/v2\/posts\/21999","targetHints":{"allow":["GET"]}}],"collection":[{"href":"http:\/\/www.editiondaslabor.de\/blog\/wp-json\/wp\/v2\/posts"}],"about":[{"href":"http:\/\/www.editiondaslabor.de\/blog\/wp-json\/wp\/v2\/types\/post"}],"author":[{"embeddable":true,"href":"http:\/\/www.editiondaslabor.de\/blog\/wp-json\/wp\/v2\/users\/90"}],"replies":[{"embeddable":true,"href":"http:\/\/www.editiondaslabor.de\/blog\/wp-json\/wp\/v2\/comments?post=21999"}],"version-history":[{"count":2,"href":"http:\/\/www.editiondaslabor.de\/blog\/wp-json\/wp\/v2\/posts\/21999\/revisions"}],"predecessor-version":[{"id":99560,"href":"http:\/\/www.editiondaslabor.de\/blog\/wp-json\/wp\/v2\/posts\/21999\/revisions\/99560"}],"wp:featuredmedia":[{"embeddable":true,"href":"http:\/\/www.editiondaslabor.de\/blog\/wp-json\/wp\/v2\/media\/99554"}],"wp:attachment":[{"href":"http:\/\/www.editiondaslabor.de\/blog\/wp-json\/wp\/v2\/media?parent=21999"}],"wp:term":[{"taxonomy":"category","embeddable":true,"href":"http:\/\/www.editiondaslabor.de\/blog\/wp-json\/wp\/v2\/categories?post=21999"},{"taxonomy":"post_tag","embeddable":true,"href":"http:\/\/www.editiondaslabor.de\/blog\/wp-json\/wp\/v2\/tags?post=21999"}],"curies":[{"name":"wp","href":"https:\/\/api.w.org\/{rel}","templated":true}]}}