{"id":21876,"date":"2019-08-30T00:01:00","date_gmt":"2019-08-29T22:01:00","guid":{"rendered":"http:\/\/www.editiondaslabor.de\/blog\/?p=21876"},"modified":"2019-08-29T09:19:58","modified_gmt":"2019-08-29T07:19:58","slug":"alphabetikon-retro","status":"publish","type":"post","link":"http:\/\/www.editiondaslabor.de\/blog\/2019\/08\/30\/alphabetikon-retro\/","title":{"rendered":"Alphabetikon: Retro"},"content":{"rendered":"<p><a href=\"http:\/\/www.editiondaslabor.de\/blog\/wp-content\/uploads\/2014\/01\/Retro-150x120.jpg\"><img loading=\"lazy\" decoding=\"async\" class=\"aligncenter size-large wp-image-21877\" src=\"http:\/\/www.editiondaslabor.de\/blog\/wp-content\/uploads\/2014\/01\/Retro-150x120-821x1024.jpg\" alt=\"Retro 150x120\" width=\"456\" height=\"568\"\/><\/a><\/p>\n<p style=\"text-align: justify;\"><b>Alphabetikon<\/b>, Katalog von Haimo Hieronymus, 2014.<\/p>\n<p style=\"text-align: justify;\"><strong>Weiterf\u00fchrend <\/strong><strong>\u2192<\/strong><\/p>\n<p style=\"text-align: justify;\">Vertiefend zu diesem &#8218;Alphabetikon&#8216; lesen Sie bitte das <a href=\"http:\/\/www.editiondaslabor.de\/blog\/?p=21407\">Kollegengespr\u00e4ch<\/a> mit Haimo Hieronymus. Zum Thema K\u00fcnstlerb\u00fccher finden Sie hier einen <a href=\"http:\/\/www.editiondaslabor.de\/blog\/?p=12840\">Essay<\/a> sowie einen <a href=\"http:\/\/www.editiondaslabor.de\/blog\/?p=834\">Artikel<\/a> von J.C. Albers.<\/p>\n<p>&nbsp;<\/p>\n<p>&nbsp;<\/p>\n","protected":false},"excerpt":{"rendered":"<p>Alphabetikon, Katalog von Haimo Hieronymus, 2014. Weiterf\u00fchrend \u2192 Vertiefend zu diesem &#8218;Alphabetikon&#8216; lesen Sie bitte das Kollegengespr\u00e4ch mit Haimo Hieronymus. Zum Thema K\u00fcnstlerb\u00fccher finden Sie hier einen Essay sowie einen Artikel von J.C. Albers. &nbsp; &nbsp;<\/p>\n<p class=\"more-link-p\"><a class=\"more-link\" href=\"http:\/\/www.editiondaslabor.de\/blog\/2019\/08\/30\/alphabetikon-retro\/\">Read more &rarr;<\/a><\/p>\n","protected":false},"author":4,"featured_media":21877,"comment_status":"closed","ping_status":"open","sticky":false,"template":"","format":"standard","meta":{"footnotes":""},"categories":[1],"tags":[44],"class_list":["post-21876","post","type-post","status-publish","format-standard","has-post-thumbnail","hentry","category-literatur","tag-haimo-hieronymus"],"_links":{"self":[{"href":"http:\/\/www.editiondaslabor.de\/blog\/wp-json\/wp\/v2\/posts\/21876","targetHints":{"allow":["GET"]}}],"collection":[{"href":"http:\/\/www.editiondaslabor.de\/blog\/wp-json\/wp\/v2\/posts"}],"about":[{"href":"http:\/\/www.editiondaslabor.de\/blog\/wp-json\/wp\/v2\/types\/post"}],"author":[{"embeddable":true,"href":"http:\/\/www.editiondaslabor.de\/blog\/wp-json\/wp\/v2\/users\/4"}],"replies":[{"embeddable":true,"href":"http:\/\/www.editiondaslabor.de\/blog\/wp-json\/wp\/v2\/comments?post=21876"}],"version-history":[{"count":0,"href":"http:\/\/www.editiondaslabor.de\/blog\/wp-json\/wp\/v2\/posts\/21876\/revisions"}],"wp:featuredmedia":[{"embeddable":true,"href":"http:\/\/www.editiondaslabor.de\/blog\/wp-json\/"}],"wp:attachment":[{"href":"http:\/\/www.editiondaslabor.de\/blog\/wp-json\/wp\/v2\/media?parent=21876"}],"wp:term":[{"taxonomy":"category","embeddable":true,"href":"http:\/\/www.editiondaslabor.de\/blog\/wp-json\/wp\/v2\/categories?post=21876"},{"taxonomy":"post_tag","embeddable":true,"href":"http:\/\/www.editiondaslabor.de\/blog\/wp-json\/wp\/v2\/tags?post=21876"}],"curies":[{"name":"wp","href":"https:\/\/api.w.org\/{rel}","templated":true}]}}