{"id":2166,"date":"2012-03-05T00:01:00","date_gmt":"2012-03-04T23:01:00","guid":{"rendered":"http:\/\/www.editiondaslabor.de\/blog\/?p=2166"},"modified":"2020-07-06T09:34:08","modified_gmt":"2020-07-06T07:34:08","slug":"sichtbar-unsichtbar","status":"publish","type":"post","link":"http:\/\/www.editiondaslabor.de\/blog\/2012\/03\/05\/sichtbar-unsichtbar\/","title":{"rendered":"Sichtbar-Unsichtbar"},"content":{"rendered":"<p style=\"text-align: justify;\">Dem Denken durch die Kunst Sichtbarkeit verschaffen, ist eine der Aufgaben, die sich die K\u00fcnstlerin <a href=\"http:\/\/www.vordenker.de\/hungertuch\/steger2011.htm\">Denise Steger<\/a> stellt. Was bewegt uns, Kunst zu schaffen und welche geistigen Prozesse laufen ab, bis ein Werk entsteht?<\/p>\n<p style=\"text-align: justify;\">\u201eGedankensteine\u201c nennt Denise Steger ihre handgefalteten, \u00fcber viele Jahre entwickelten Papierobjekte, die in unterschiedlicher Gr\u00f6\u00dfe, Einf\u00e4rbung und Kombination immer wieder neue Assoziationen beim Betrachter ausl\u00f6sen, vor allem aber den zeitlichen Schaffensprozess visualisieren.<\/p>\n<p style=\"text-align: justify;\">Unsichtbar bleiben in diesen abstrakten Modulen die Gedanken verschlossen, w\u00e4hrend sie sich in den Bildtafeln, die die K\u00fcnstlerin \u201eObjektsysteme\u201c nennt, in einer thematisch bestimmten Zusammenschau von Zeichnungen, \u00d6lskizzen und Alltagsgegenst\u00e4nden in vielen Facetten mitteilen. Konstruktivistische Linienger\u00fcste, auch Gitterstrukturen bilden den formalen Zusammenhalt, w\u00e4hrend die Wahl der Farben die emotionale Grundlage bestimmt.<\/p>\n<p style=\"text-align: justify;\">Die Werke von Denise Steger reichen von kleinformatigen Multiples bis hin zu raumgreifenden Installationen und kreisen immer wieder um die Frage, wie wir als Menschen in das \u201eSystem\u201c Welt eingebunden sind, wie viel Spielraum wir darin haben und wie wir mit diesem Spielraum umgehen.<\/p>\n<p>&nbsp;<\/p>\n<p style=\"text-align: justify;\"><a href=\"http:\/\/www.editiondaslabor.de\/blog\/wp-content\/uploads\/2012\/03\/Kulturbahnhof-BB2.jpg\"><img loading=\"lazy\" decoding=\"async\" class=\"alignleft size-medium wp-image-2227\" title=\"Kulturbahnhof BB2\" src=\"http:\/\/www.editiondaslabor.de\/blog\/wp-content\/uploads\/2012\/03\/Kulturbahnhof-BB2-300x249.jpg\" alt=\"\" width=\"300\" height=\"249\" srcset=\"http:\/\/www.editiondaslabor.de\/blog\/wp-content\/uploads\/2012\/03\/Kulturbahnhof-BB2-300x249.jpg 300w, http:\/\/www.editiondaslabor.de\/blog\/wp-content\/uploads\/2012\/03\/Kulturbahnhof-BB2-1024x851.jpg 1024w, http:\/\/www.editiondaslabor.de\/blog\/wp-content\/uploads\/2012\/03\/Kulturbahnhof-BB2.jpg 1200w\" sizes=\"auto, (max-width: 300px) 100vw, 300px\" \/><\/a>Ausstellung von Bildern und Objekten im Kulturbahnhof Bad Breisig<\/p>\n<p style=\"text-align: justify;\">Nur noch am Freitag, 9.3., 16-19.00 Uhr<\/p>\n<p style=\"text-align: justify;\">Sa und So, 10. u. 11.3. 11-18.00 Uhr<\/p>\n","protected":false},"excerpt":{"rendered":"<p>Dem Denken durch die Kunst Sichtbarkeit verschaffen, ist eine der Aufgaben, die sich die K\u00fcnstlerin Denise Steger stellt. Was bewegt uns, Kunst zu schaffen und welche geistigen Prozesse laufen ab, bis ein Werk entsteht? \u201eGedankensteine\u201c nennt Denise Steger ihre handgefalteten,&hellip;<\/p>\n<p class=\"more-link-p\"><a class=\"more-link\" href=\"http:\/\/www.editiondaslabor.de\/blog\/2012\/03\/05\/sichtbar-unsichtbar\/\">Read more &rarr;<\/a><\/p>\n","protected":false},"author":2,"featured_media":1872,"comment_status":"open","ping_status":"open","sticky":false,"template":"","format":"standard","meta":{"footnotes":""},"categories":[1],"tags":[1119],"class_list":["post-2166","post","type-post","status-publish","format-standard","has-post-thumbnail","hentry","category-literatur","tag-denise-steger"],"_links":{"self":[{"href":"http:\/\/www.editiondaslabor.de\/blog\/wp-json\/wp\/v2\/posts\/2166","targetHints":{"allow":["GET"]}}],"collection":[{"href":"http:\/\/www.editiondaslabor.de\/blog\/wp-json\/wp\/v2\/posts"}],"about":[{"href":"http:\/\/www.editiondaslabor.de\/blog\/wp-json\/wp\/v2\/types\/post"}],"author":[{"embeddable":true,"href":"http:\/\/www.editiondaslabor.de\/blog\/wp-json\/wp\/v2\/users\/2"}],"replies":[{"embeddable":true,"href":"http:\/\/www.editiondaslabor.de\/blog\/wp-json\/wp\/v2\/comments?post=2166"}],"version-history":[{"count":0,"href":"http:\/\/www.editiondaslabor.de\/blog\/wp-json\/wp\/v2\/posts\/2166\/revisions"}],"wp:featuredmedia":[{"embeddable":true,"href":"http:\/\/www.editiondaslabor.de\/blog\/wp-json\/"}],"wp:attachment":[{"href":"http:\/\/www.editiondaslabor.de\/blog\/wp-json\/wp\/v2\/media?parent=2166"}],"wp:term":[{"taxonomy":"category","embeddable":true,"href":"http:\/\/www.editiondaslabor.de\/blog\/wp-json\/wp\/v2\/categories?post=2166"},{"taxonomy":"post_tag","embeddable":true,"href":"http:\/\/www.editiondaslabor.de\/blog\/wp-json\/wp\/v2\/tags?post=2166"}],"curies":[{"name":"wp","href":"https:\/\/api.w.org\/{rel}","templated":true}]}}