{"id":19860,"date":"2014-09-15T09:02:53","date_gmt":"2014-09-15T07:02:53","guid":{"rendered":"http:\/\/www.editiondaslabor.de\/blog\/?p=19860"},"modified":"2018-03-25T16:27:39","modified_gmt":"2018-03-25T14:27:39","slug":"urtheil","status":"publish","type":"post","link":"http:\/\/www.editiondaslabor.de\/blog\/2014\/09\/15\/urtheil\/","title":{"rendered":"Urtheil"},"content":{"rendered":"<p style=\"text-align: justify;\">Was mich anbetrifft, so wundere ich mich nie \u00fcber etwas, und mein Urtheil hat mich mein Lebtag so oft betrogen, da\u00df ich ihm nie traue, mag es nun richtig oder falsch sein: wenigstens vermeide ich Uebereilung, wo ruhige Ueberlegung noth thut. \u2013 Die Wahrheit verehre ich trotz Einem, und wenn sie abhanden gekommen ist und Jemand mich ruhig bei der Hand nehmen will, um nach ihr zu forschen, als nach einem Dinge, das wir beide verloren haben und das keiner von uns gut entbehren kann, so gehe ich mit ihm bis ans Ende der Welt. Aber allen Streit hasse ich, und darum will ich lieber (au\u00dfer in religi\u00f6sen und gesellschaftlichen Fragen) Alles zugeben, was mir nicht gar zu anst\u00f6\u00dfig ist, ehe ich mich darauf einlasse. \u2013 Aber ersticken mag ich mich nicht lassen, \u2013 und Gestank ist mir im h\u00f6chsten Grade zuwider. \u2013 Deshalb habe ich mir von Anfang an vorgenommen, meine Hand nicht dabei im Spiel haben zu wollen, weder so, noch so, wenn die Schaar der M\u00e4rtyrer vermehrt, oder eine neue gebildet werden soll.<\/p>\n<p>&nbsp;<\/p>\n<p>&nbsp;<\/p>\n<p style=\"text-align: center;\">***<\/p>\n<p>&nbsp;<\/p>\n<p class=\"hide-if-no-js\" style=\"text-align: justify;\"><a id=\"set-post-thumbnail\" class=\"thickbox\" href=\"http:\/\/www.editiondaslabor.de\/blog\/wp-admin\/media-upload.php?post_id=19862&amp;type=image&amp;TB_iframe=1\" aria-describedby=\"set-post-thumbnail-desc\"><img loading=\"lazy\" decoding=\"async\" class=\"attachment-266x266 size-266x266 alignleft\" src=\"http:\/\/www.editiondaslabor.de\/blog\/wp-content\/uploads\/2014\/12\/Gema\u0308lde-von-Joshua-Reynolds.jpg\" sizes=\"auto, (max-width: 213px) 100vw, 213px\" srcset=\"http:\/\/www.editiondaslabor.de\/blog\/wp-content\/uploads\/2014\/12\/Gema\u0308lde-von-Joshua-Reynolds.jpg 480w, http:\/\/www.editiondaslabor.de\/blog\/wp-content\/uploads\/2014\/12\/Gema\u0308lde-von-Joshua-Reynolds-240x300.jpg 240w\" alt=\"\" width=\"213\" height=\"266\" \/><\/a>Laut Friedrich Nietzsche war er <a href=\"http:\/\/www.editiondaslabor.de\/blog\/?p=19824\">Der freieste Schriftsteller<\/a>. KUNO stellt diesen Meister der Abschweifung in die Ahnenreihe der <em>Twitteratur<\/em>. Dank des Kurznachrichtendienstes Twitter ist der Aphorismus in Form des Mikroblogging eine auflebende Form. Bestand die Modernit\u00e4t der lakonischen Notate bisher in ihrer Operativit\u00e4t, so entspricht diese literarische Form im Zeitalter der technischen Reproduzierbarkeit der Denkgenauigkeit der Sp\u00e4tmoderne. Es ist <em>Twitteratur<\/em>. Der in der Schwebe gelassene Sinn, die Produktion von Ambiguit\u00e4t \u2013 was f\u00fcr Roland Barthes Brecht im Theater geleistet hat, indem er die Sinnfrage zwischen B\u00fchne und Zuschauerraum neu verteilte \u2013 findet sich in dieser Kunstform wieder.<\/p>\n<p>&nbsp;<\/p>\n","protected":false},"excerpt":{"rendered":"<p>Was mich anbetrifft, so wundere ich mich nie \u00fcber etwas, und mein Urtheil hat mich mein Lebtag so oft betrogen, da\u00df ich ihm nie traue, mag es nun richtig oder falsch sein: wenigstens vermeide ich Uebereilung, wo ruhige Ueberlegung noth&hellip;<\/p>\n<p class=\"more-link-p\"><a class=\"more-link\" href=\"http:\/\/www.editiondaslabor.de\/blog\/2014\/09\/15\/urtheil\/\">Read more &rarr;<\/a><\/p>\n","protected":false},"author":122,"featured_media":0,"comment_status":"closed","ping_status":"open","sticky":false,"template":"","format":"standard","meta":{"footnotes":""},"categories":[1],"tags":[531],"class_list":["post-19860","post","type-post","status-publish","format-standard","hentry","category-literatur","tag-laurence-sterne"],"_links":{"self":[{"href":"http:\/\/www.editiondaslabor.de\/blog\/wp-json\/wp\/v2\/posts\/19860","targetHints":{"allow":["GET"]}}],"collection":[{"href":"http:\/\/www.editiondaslabor.de\/blog\/wp-json\/wp\/v2\/posts"}],"about":[{"href":"http:\/\/www.editiondaslabor.de\/blog\/wp-json\/wp\/v2\/types\/post"}],"author":[{"embeddable":true,"href":"http:\/\/www.editiondaslabor.de\/blog\/wp-json\/wp\/v2\/users\/122"}],"replies":[{"embeddable":true,"href":"http:\/\/www.editiondaslabor.de\/blog\/wp-json\/wp\/v2\/comments?post=19860"}],"version-history":[{"count":0,"href":"http:\/\/www.editiondaslabor.de\/blog\/wp-json\/wp\/v2\/posts\/19860\/revisions"}],"wp:attachment":[{"href":"http:\/\/www.editiondaslabor.de\/blog\/wp-json\/wp\/v2\/media?parent=19860"}],"wp:term":[{"taxonomy":"category","embeddable":true,"href":"http:\/\/www.editiondaslabor.de\/blog\/wp-json\/wp\/v2\/categories?post=19860"},{"taxonomy":"post_tag","embeddable":true,"href":"http:\/\/www.editiondaslabor.de\/blog\/wp-json\/wp\/v2\/tags?post=19860"}],"curies":[{"name":"wp","href":"https:\/\/api.w.org\/{rel}","templated":true}]}}