{"id":19560,"date":"2011-01-29T00:01:00","date_gmt":"2011-01-28T23:01:00","guid":{"rendered":"http:\/\/www.editiondaslabor.de\/blog\/?p=19560"},"modified":"2025-02-22T05:40:55","modified_gmt":"2025-02-22T04:40:55","slug":"die-fackel","status":"publish","type":"post","link":"http:\/\/www.editiondaslabor.de\/blog\/2011\/01\/29\/die-fackel\/","title":{"rendered":"Die Fackel"},"content":{"rendered":"<p>&nbsp;<\/p>\n<p style=\"text-align: justify;\">Als zum erstenmal das Wort \u00bbFriede\u00ab ausgesprochen wurde, entstand auf der B\u00f6rse eine Panik. Sie schrien auf im Schmerz: Wir haben verdient! Lasst uns den Krieg! Wir haben den Krieg verdient.<\/p>\n<p>&nbsp;<\/p>\n<p>&nbsp;<\/p>\n<p style=\"text-align: center;\">***<\/p>\n<div id=\"attachment_21719\" style=\"width: 212px\" class=\"wp-caption alignleft\"><a href=\"http:\/\/www.editiondaslabor.de\/blog\/wp-content\/uploads\/2014\/01\/220px-Karl_Kraus_-_Schriftsteller-202x30021.jpg\"><img loading=\"lazy\" decoding=\"async\" aria-describedby=\"caption-attachment-21719\" class=\"size-full wp-image-21719\" title=\"220px-Karl_Kraus_-_Schriftsteller-202x3002\" src=\"http:\/\/www.editiondaslabor.de\/blog\/wp-content\/uploads\/2014\/01\/220px-Karl_Kraus_-_Schriftsteller-202x30021.jpg\" alt=\"\" width=\"202\" height=\"300\" \/><\/a><p id=\"caption-attachment-21719\" class=\"wp-caption-text\">Karl Kraus (Photografie um 1900)<\/p><\/div>\n<p style=\"text-align: justify;\">Karl Kraus ist der Gro\u00dfmeister des Aphorismus, in seinen Ausf\u00fchrungen finden wir aber auch Zuspitzungen. Der in der Schwebe gelassene Sinn, die Produktion von Ambiguit\u00e4t \u2013 was f\u00fcr Roland Barthes Brecht im Theater geleistet hat, indem er die Sinnfrage zwischen B\u00fchne und Zuschauerraum neu verteilte \u2013 findet sich in der Kunstform der <em>Twitteratur<\/em> wieder.<\/p>\n<p style=\"text-align: justify;\"><strong>Weiterf\u00fchrend\u00a0\u2192 <\/strong>ein Essay \u00fcber die neue Literaturgattung <a href=\"http:\/\/www.editiondaslabor.de\/blog\/?p=22423\"><em>Twitteratur<\/em><\/a>, sowie ein <a href=\"http:\/\/www.editiondaslabor.de\/blog\/2019\/09\/06\/recap-hungertuchpreis\/\">Recap<\/a> des Hungertuchpreises.<\/p>\n","protected":false},"excerpt":{"rendered":"<p>&nbsp; Als zum erstenmal das Wort \u00bbFriede\u00ab ausgesprochen wurde, entstand auf der B\u00f6rse eine Panik. Sie schrien auf im Schmerz: Wir haben verdient! Lasst uns den Krieg! Wir haben den Krieg verdient. &nbsp; &nbsp; *** Karl Kraus ist der Gro\u00dfmeister&hellip;<\/p>\n<p class=\"more-link-p\"><a class=\"more-link\" href=\"http:\/\/www.editiondaslabor.de\/blog\/2011\/01\/29\/die-fackel\/\">Read more &rarr;<\/a><\/p>\n","protected":false},"author":102,"featured_media":102191,"comment_status":"closed","ping_status":"open","sticky":false,"template":"","format":"standard","meta":{"footnotes":""},"categories":[1],"tags":[202],"class_list":["post-19560","post","type-post","status-publish","format-standard","has-post-thumbnail","hentry","category-literatur","tag-karl-kraus"],"_links":{"self":[{"href":"http:\/\/www.editiondaslabor.de\/blog\/wp-json\/wp\/v2\/posts\/19560","targetHints":{"allow":["GET"]}}],"collection":[{"href":"http:\/\/www.editiondaslabor.de\/blog\/wp-json\/wp\/v2\/posts"}],"about":[{"href":"http:\/\/www.editiondaslabor.de\/blog\/wp-json\/wp\/v2\/types\/post"}],"author":[{"embeddable":true,"href":"http:\/\/www.editiondaslabor.de\/blog\/wp-json\/wp\/v2\/users\/102"}],"replies":[{"embeddable":true,"href":"http:\/\/www.editiondaslabor.de\/blog\/wp-json\/wp\/v2\/comments?post=19560"}],"version-history":[{"count":1,"href":"http:\/\/www.editiondaslabor.de\/blog\/wp-json\/wp\/v2\/posts\/19560\/revisions"}],"predecessor-version":[{"id":106596,"href":"http:\/\/www.editiondaslabor.de\/blog\/wp-json\/wp\/v2\/posts\/19560\/revisions\/106596"}],"wp:featuredmedia":[{"embeddable":true,"href":"http:\/\/www.editiondaslabor.de\/blog\/wp-json\/wp\/v2\/media\/102191"}],"wp:attachment":[{"href":"http:\/\/www.editiondaslabor.de\/blog\/wp-json\/wp\/v2\/media?parent=19560"}],"wp:term":[{"taxonomy":"category","embeddable":true,"href":"http:\/\/www.editiondaslabor.de\/blog\/wp-json\/wp\/v2\/categories?post=19560"},{"taxonomy":"post_tag","embeddable":true,"href":"http:\/\/www.editiondaslabor.de\/blog\/wp-json\/wp\/v2\/tags?post=19560"}],"curies":[{"name":"wp","href":"https:\/\/api.w.org\/{rel}","templated":true}]}}