{"id":19530,"date":"2011-04-13T00:01:07","date_gmt":"2011-04-12T22:01:07","guid":{"rendered":"http:\/\/www.editiondaslabor.de\/blog\/?p=19530"},"modified":"2022-06-05T14:11:52","modified_gmt":"2022-06-05T12:11:52","slug":"ein-irrtum-von-grossem-und-nachteiligem-einfluss","status":"publish","type":"post","link":"http:\/\/www.editiondaslabor.de\/blog\/2011\/04\/13\/ein-irrtum-von-grossem-und-nachteiligem-einfluss\/","title":{"rendered":"Ein Irrtum von gro\u00dfem und nachteiligem Einflu\u00df"},"content":{"rendered":"<p>&nbsp;<\/p>\n<p style=\"text-align: justify;\">Wir sind alle, weniger oder mehr, in diesem Irrtum. Ein Irrtum von gro\u00dfem und nachteiligem Einflu\u00df. Wer sich aber das gro\u00dfe Bild unserer Mutter Natur gleichsam wie in einem Gem\u00e4lde in ihrer ganzen Majest\u00e4t vorstellt; wer in ihrem Gesichte eine so allgemeine, so best\u00e4ndige Ab\u00e4nderung sieht; wer sich darin betrachtet, und nicht blo\u00df sich selbst, sondern ein ganzes Reich, wie den Strich von einer sehr zarten Spitze \u2013 nur der sch\u00e4tzt die Dinge nach ihrer wahren Gr\u00f6\u00dfe.<\/p>\n<p>&nbsp;<\/p>\n<p>&nbsp;<\/p>\n<p style=\"text-align: center;\">***<\/p>\n<p style=\"text-align: justify;\"><span style=\"color: #888888;\"><a href=\"http:\/\/www.editiondaslabor.de\/blog\/wp-content\/uploads\/2013\/07\/550px-Michel_de_Montaigne_1.jpg\"><img loading=\"lazy\" decoding=\"async\" class=\"size-medium wp-image-16327 alignleft\" src=\"http:\/\/www.editiondaslabor.de\/blog\/wp-content\/uploads\/2013\/07\/550px-Michel_de_Montaigne_1-275x300.jpg\" alt=\"\" width=\"275\" height=\"300\" srcset=\"http:\/\/www.editiondaslabor.de\/blog\/wp-content\/uploads\/2013\/07\/550px-Michel_de_Montaigne_1-275x300.jpg 275w, http:\/\/www.editiondaslabor.de\/blog\/wp-content\/uploads\/2013\/07\/550px-Michel_de_Montaigne_1.jpg 550w\" sizes=\"auto, (max-width: 275px) 100vw, 275px\" \/><\/a>Anmerkung der Redaktion:<\/span> Michel de Montaigne ist ein analoger Blogger.\u00a0Der in der Schwebe gelassene Sinn, die Produktion von Ambiguit\u00e4t \u2013 was f\u00fcr Roland Barthes Brecht im Theater geleistet hat, indem er die Sinnfrage zwischen B\u00fchne und Zuschauerraum neu verteilt.<\/p>\n<p style=\"text-align: justify;\"><strong>Weiterf\u00fchrend\u00a0\u2192 <\/strong>ein Essay \u00fcber die neue Literaturgattung <a href=\"http:\/\/www.editiondaslabor.de\/blog\/?p=22423\"><em>Twitteratur<\/em><\/a>.<\/p>\n","protected":false},"excerpt":{"rendered":"<p>&nbsp; Wir sind alle, weniger oder mehr, in diesem Irrtum. Ein Irrtum von gro\u00dfem und nachteiligem Einflu\u00df. Wer sich aber das gro\u00dfe Bild unserer Mutter Natur gleichsam wie in einem Gem\u00e4lde in ihrer ganzen Majest\u00e4t vorstellt; wer in ihrem Gesichte&hellip;<\/p>\n<p class=\"more-link-p\"><a class=\"more-link\" href=\"http:\/\/www.editiondaslabor.de\/blog\/2011\/04\/13\/ein-irrtum-von-grossem-und-nachteiligem-einfluss\/\">Read more &rarr;<\/a><\/p>\n","protected":false},"author":70,"featured_media":98980,"comment_status":"closed","ping_status":"open","sticky":false,"template":"","format":"standard","meta":{"footnotes":""},"categories":[1],"tags":[1083],"class_list":["post-19530","post","type-post","status-publish","format-standard","has-post-thumbnail","hentry","category-literatur","tag-michel-de-montaigne"],"_links":{"self":[{"href":"http:\/\/www.editiondaslabor.de\/blog\/wp-json\/wp\/v2\/posts\/19530","targetHints":{"allow":["GET"]}}],"collection":[{"href":"http:\/\/www.editiondaslabor.de\/blog\/wp-json\/wp\/v2\/posts"}],"about":[{"href":"http:\/\/www.editiondaslabor.de\/blog\/wp-json\/wp\/v2\/types\/post"}],"author":[{"embeddable":true,"href":"http:\/\/www.editiondaslabor.de\/blog\/wp-json\/wp\/v2\/users\/70"}],"replies":[{"embeddable":true,"href":"http:\/\/www.editiondaslabor.de\/blog\/wp-json\/wp\/v2\/comments?post=19530"}],"version-history":[{"count":2,"href":"http:\/\/www.editiondaslabor.de\/blog\/wp-json\/wp\/v2\/posts\/19530\/revisions"}],"predecessor-version":[{"id":103431,"href":"http:\/\/www.editiondaslabor.de\/blog\/wp-json\/wp\/v2\/posts\/19530\/revisions\/103431"}],"wp:featuredmedia":[{"embeddable":true,"href":"http:\/\/www.editiondaslabor.de\/blog\/wp-json\/wp\/v2\/media\/98980"}],"wp:attachment":[{"href":"http:\/\/www.editiondaslabor.de\/blog\/wp-json\/wp\/v2\/media?parent=19530"}],"wp:term":[{"taxonomy":"category","embeddable":true,"href":"http:\/\/www.editiondaslabor.de\/blog\/wp-json\/wp\/v2\/categories?post=19530"},{"taxonomy":"post_tag","embeddable":true,"href":"http:\/\/www.editiondaslabor.de\/blog\/wp-json\/wp\/v2\/tags?post=19530"}],"curies":[{"name":"wp","href":"https:\/\/api.w.org\/{rel}","templated":true}]}}