{"id":19283,"date":"1999-12-29T00:01:46","date_gmt":"1999-12-28T23:01:46","guid":{"rendered":"http:\/\/www.editiondaslabor.de\/blog\/?p=19283"},"modified":"2021-10-02T14:22:40","modified_gmt":"2021-10-02T12:22:40","slug":"juristisches-gedicht-mit-trivialem-ende","status":"publish","type":"post","link":"http:\/\/www.editiondaslabor.de\/blog\/1999\/12\/29\/juristisches-gedicht-mit-trivialem-ende\/","title":{"rendered":"Juristisches Gedicht mit trivialem Ende"},"content":{"rendered":"<p>&nbsp;<\/p>\n<p>Erg\u00e4nzen sagt nichts \u00fcber Fehler aus<\/p>\n<p>erg\u00e4nzen k\u00f6pft, was aus dem Kopf gebrochen.<\/p>\n<p>Erg\u00e4nzen ist des Nichtens letzter Akt,<\/p>\n<p>und dieses Nichtens G\u00e4nze bleibt<\/p>\n<p>im Schlichten unbefragt.<\/p>\n<p>Geblieben sind Gewichte zwischen Null und Nein.<\/p>\n<p>Das Recht wird b\u00f6se und es dringt,<\/p>\n<p>wenn wir es schw\u00e4nzen, schon am Kopf benagt,<\/p>\n<p>ins kalte Nebensachendenken ein.<\/p>\n<p>Dies Recht stirbt billig und bestochen,<\/p>\n<p>wenn ihm ein ZuSatz winkt.<\/p>\n<p>Bekr\u00e4nzter Schein im grellen Todeslicht,<\/p>\n<p>l\u00e4ngst skelettierte Sch\u00f6nheitswahl, mehr nicht.<\/p>\n<p>&nbsp;<\/p>\n<p>&nbsp;<\/p>\n<p>&nbsp;<\/p>\n<p>&nbsp;<\/p>\n<div id=\"attachment_19507\" style=\"width: 309px\" class=\"wp-caption alignleft\"><a href=\"http:\/\/www.editiondaslabor.de\/blog\/wp-content\/uploads\/2014\/02\/Angelika-Janz.jpg\"><img loading=\"lazy\" decoding=\"async\" aria-describedby=\"caption-attachment-19507\" class=\"size-full wp-image-19507\" src=\"http:\/\/www.editiondaslabor.de\/blog\/wp-content\/uploads\/2014\/02\/Angelika-Janz.jpg\" alt=\"\" width=\"299\" height=\"253\" \/><\/a><p id=\"caption-attachment-19507\" class=\"wp-caption-text\">Angelika Janz<\/p><\/div>\n<h5>Weiterf\u00fchrend \u2192<\/h5>\n<p style=\"text-align: justify;\">Lesen Sie auch das <a href=\"http:\/\/www.editiondaslabor.de\/blog\/?p=36409\">Kollegengespr\u00e4ch<\/a>, das A.J. Weigoni mit Angelika Janz \u00fcber den Zyklus fern, fern gef\u00fchrt hat. Vertiefend ein <a href=\"http:\/\/www.editiondaslabor.de\/blog\/?p=22835\">Portr\u00e4t <\/a>\u00fcber ihre interdisziplin\u00e4re T\u00e4tigkeit, sowie einen <a href=\"http:\/\/www.editiondaslabor.de\/blog\/?p=29450\">Essay<\/a> der Fragmenttexterin. Ebenfalls im KUNO-Archiv: <span class=\"_247o\" data-offset-key=\"5kmn0-1-0\">Jan Kuhlbrodt<\/span> mit einer <a href=\"http:\/\/www.editiondaslabor.de\/blog\/2012\/11\/05\/asthetische-prothetik\/\">Ann\u00e4herung<\/a> an die visuellen Arbeiten von Angelika Janz. Und nicht zuletzt, Michael Gratz \u00fcber Angelika Janz\u2018<a href=\"http:\/\/www.editiondaslabor.de\/blog\/2012\/11\/05\/freiraum\/\"> tEXt bILd<\/a><\/p>\n","protected":false},"excerpt":{"rendered":"<p>&nbsp; Erg\u00e4nzen sagt nichts \u00fcber Fehler aus erg\u00e4nzen k\u00f6pft, was aus dem Kopf gebrochen. Erg\u00e4nzen ist des Nichtens letzter Akt, und dieses Nichtens G\u00e4nze bleibt im Schlichten unbefragt. Geblieben sind Gewichte zwischen Null und Nein. Das Recht wird b\u00f6se und&hellip;<\/p>\n<p class=\"more-link-p\"><a class=\"more-link\" href=\"http:\/\/www.editiondaslabor.de\/blog\/1999\/12\/29\/juristisches-gedicht-mit-trivialem-ende\/\">Read more &rarr;<\/a><\/p>\n","protected":false},"author":53,"featured_media":19507,"comment_status":"closed","ping_status":"open","sticky":false,"template":"","format":"standard","meta":{"footnotes":""},"categories":[1],"tags":[918],"class_list":["post-19283","post","type-post","status-publish","format-standard","has-post-thumbnail","hentry","category-literatur","tag-angelika-janz"],"_links":{"self":[{"href":"http:\/\/www.editiondaslabor.de\/blog\/wp-json\/wp\/v2\/posts\/19283","targetHints":{"allow":["GET"]}}],"collection":[{"href":"http:\/\/www.editiondaslabor.de\/blog\/wp-json\/wp\/v2\/posts"}],"about":[{"href":"http:\/\/www.editiondaslabor.de\/blog\/wp-json\/wp\/v2\/types\/post"}],"author":[{"embeddable":true,"href":"http:\/\/www.editiondaslabor.de\/blog\/wp-json\/wp\/v2\/users\/53"}],"replies":[{"embeddable":true,"href":"http:\/\/www.editiondaslabor.de\/blog\/wp-json\/wp\/v2\/comments?post=19283"}],"version-history":[{"count":0,"href":"http:\/\/www.editiondaslabor.de\/blog\/wp-json\/wp\/v2\/posts\/19283\/revisions"}],"wp:featuredmedia":[{"embeddable":true,"href":"http:\/\/www.editiondaslabor.de\/blog\/wp-json\/"}],"wp:attachment":[{"href":"http:\/\/www.editiondaslabor.de\/blog\/wp-json\/wp\/v2\/media?parent=19283"}],"wp:term":[{"taxonomy":"category","embeddable":true,"href":"http:\/\/www.editiondaslabor.de\/blog\/wp-json\/wp\/v2\/categories?post=19283"},{"taxonomy":"post_tag","embeddable":true,"href":"http:\/\/www.editiondaslabor.de\/blog\/wp-json\/wp\/v2\/tags?post=19283"}],"curies":[{"name":"wp","href":"https:\/\/api.w.org\/{rel}","templated":true}]}}