{"id":19268,"date":"2013-11-08T00:06:09","date_gmt":"2013-11-07T23:06:09","guid":{"rendered":"http:\/\/www.editiondaslabor.de\/blog\/?p=19268"},"modified":"2022-06-06T11:42:22","modified_gmt":"2022-06-06T09:42:22","slug":"paul-leppin","status":"publish","type":"post","link":"http:\/\/www.editiondaslabor.de\/blog\/2013\/11\/08\/paul-leppin\/","title":{"rendered":"Paul Leppin"},"content":{"rendered":"<p>&nbsp;<\/p>\n<p class=\"norm\" style=\"text-align: justify;\">Ein gro\u00dfer kantiger Vampirfl\u00fcgel mit Apostelaugen schwebt Paul Leppins Roman \u00bbDaniel Jesus\u00ab vor mir auf. Hier wandelt nicht das Werk auf F\u00fc\u00dfen, und ich suche nicht nach seiner Erde. Paul Leppins Roman ist eine Fl\u00fcgelgestalt, Himmel und H\u00f6lle sch\u00f6pfen aus ihrem rauschenden Brunnen. Hat Paul Leppin \u00bbDaniel Jesus\u00ab oder hat Daniel Jesus \u00bbPaul Leppin\u00ab erschaffen? Die Vieraugen des gro\u00dfen kantigen Romans sind vom gleichen, tiefen Wachen. Aber Paul Leppin ist gewachsen, ungekr\u00fcmmt, eine Linde, und sein Haar duftet nach dem sanften Blond ihrer Bl\u00fcten, und Daniel Jesus hat einen Buckel, und uners\u00e4ttlich ist sein fahler Durst. Auf deine m\u00fcde Hand, Daniel Jesus, tropft traumleise ein Goldtr\u00f6pfchen; Martha Bianca tritt barfu\u00df aus dem Herzen durch die Paulpforte. Voll Sonnenbangen ist Paul Leppin wie der Gipfel holdbedr\u00e4ngt, und er formt schwerm\u00fctig aus goldenen Tr\u00e4umen, die bis in die Wolken ragen, bleierne Buckel. Mit gl\u00e4ubiger Geb\u00e4rde aber schaufelt die Frau des Schusters das Martyrium von Daniels Jesus R\u00fccken \u2026 \u00bbPrinzessin\u00ab, sagt Paul Leppin zu mir, \u00bbwir wollen auf einen wilden Ball gehen\u00ab; wir finden nur klingelbehangene Tanzb\u00f6den. Paul Leppin sehnt sich nach der Orgie seines Romans; die drehte sich [48] hinter Sternenvorzeiten seiner Dichtung, sp\u00f6ttisch hi\u00dfte sie Satan auf Babelh\u00f6he, Satan Daniel Jesus, Paul Leppins Gesch\u00f6pf, von dem er sich lostr\u00e4umte. Inmitten der Tanzenden sitzt Daniel Jesus Paul zwischen nackten Eingeweiden, die sich verwickelten, verknoten nach seinem Szepter. Rasende Weiber taumeln sich im weichen, pochenden Raume und wachsen zu Lawinen \u00fcber l\u00fcsterne R\u00fccken. Und auf dem brandigen Haupt der Schusterfrau steht eine Mauer auf, eine leuchtende Krone, wie die des heiligen Landes \u2013 in ihrem Riesenleib tanzen alle die blutzerrissenen Leiber und ihre Teufel, wie in einer wei\u00dfen H\u00f6lle; denn Daniel Jesus hat sie erhoben zu seiner Rechten. Es hei\u00dft im Buche: \u00bbAnd\u00e4chtig k\u00fc\u00dft sie seinen Buckel, wie ein Kruzifix.\u00ab Paul Leppin, ich gr\u00fc\u00dfe dich.<\/p>\n<p>&nbsp;<\/p>\n<p>&nbsp;<\/p>\n<p style=\"text-align: center;\">***<\/p>\n<p class=\"uber01\" style=\"text-align: justify;\"><strong>Essays<\/strong>\u00a0von Else Lasker-Sch\u00fcler.\u00a0Mit einer Einbandzeichnung\u00a0der Verfasserin.\u00a0Verlegt bei Paul Cassirer in Berlin\u00a01920<\/p>\n<p style=\"text-align: justify;\"><a href=\"http:\/\/www.editiondaslabor.de\/blog\/wp-content\/uploads\/2026\/01\/Elses_Essays.jpg\"><img loading=\"lazy\" decoding=\"async\" class=\"size-medium wp-image-76746 alignleft\" src=\"http:\/\/www.editiondaslabor.de\/blog\/wp-content\/uploads\/2026\/01\/Elses_Essays-214x300.jpg\" alt=\"\" width=\"214\" height=\"300\" srcset=\"http:\/\/www.editiondaslabor.de\/blog\/wp-content\/uploads\/2026\/01\/Elses_Essays-214x300.jpg 214w, http:\/\/www.editiondaslabor.de\/blog\/wp-content\/uploads\/2026\/01\/Elses_Essays-260x364.jpg 260w, http:\/\/www.editiondaslabor.de\/blog\/wp-content\/uploads\/2026\/01\/Elses_Essays-160x224.jpg 160w, http:\/\/www.editiondaslabor.de\/blog\/wp-content\/uploads\/2026\/01\/Elses_Essays.jpg 400w\" sizes=\"auto, (max-width: 214px) 100vw, 214px\" \/><\/a><\/p>\n<p style=\"text-align: justify;\"><strong>W<\/strong><strong>eiterf\u00fchrend \u2192<\/strong> Lesen Sie auch KUNOs <a href=\"http:\/\/www.editiondaslabor.de\/blog\/2013\/12\/10\/zur-gattung-essay\/\">Hommage<\/a> an die Gattung des Essays.<\/p>\n<p style=\"text-align: justify;\">\n","protected":false},"excerpt":{"rendered":"<p>&nbsp; Ein gro\u00dfer kantiger Vampirfl\u00fcgel mit Apostelaugen schwebt Paul Leppins Roman \u00bbDaniel Jesus\u00ab vor mir auf. Hier wandelt nicht das Werk auf F\u00fc\u00dfen, und ich suche nicht nach seiner Erde. Paul Leppins Roman ist eine Fl\u00fcgelgestalt, Himmel und H\u00f6lle sch\u00f6pfen&hellip;<\/p>\n<p class=\"more-link-p\"><a class=\"more-link\" href=\"http:\/\/www.editiondaslabor.de\/blog\/2013\/11\/08\/paul-leppin\/\">Read more &rarr;<\/a><\/p>\n","protected":false},"author":180,"featured_media":100418,"comment_status":"closed","ping_status":"open","sticky":false,"template":"","format":"standard","meta":{"footnotes":""},"categories":[1],"tags":[2738],"class_list":["post-19268","post","type-post","status-publish","format-standard","has-post-thumbnail","hentry","category-literatur","tag-else-lasker-schueler"],"_links":{"self":[{"href":"http:\/\/www.editiondaslabor.de\/blog\/wp-json\/wp\/v2\/posts\/19268","targetHints":{"allow":["GET"]}}],"collection":[{"href":"http:\/\/www.editiondaslabor.de\/blog\/wp-json\/wp\/v2\/posts"}],"about":[{"href":"http:\/\/www.editiondaslabor.de\/blog\/wp-json\/wp\/v2\/types\/post"}],"author":[{"embeddable":true,"href":"http:\/\/www.editiondaslabor.de\/blog\/wp-json\/wp\/v2\/users\/180"}],"replies":[{"embeddable":true,"href":"http:\/\/www.editiondaslabor.de\/blog\/wp-json\/wp\/v2\/comments?post=19268"}],"version-history":[{"count":2,"href":"http:\/\/www.editiondaslabor.de\/blog\/wp-json\/wp\/v2\/posts\/19268\/revisions"}],"predecessor-version":[{"id":103505,"href":"http:\/\/www.editiondaslabor.de\/blog\/wp-json\/wp\/v2\/posts\/19268\/revisions\/103505"}],"wp:featuredmedia":[{"embeddable":true,"href":"http:\/\/www.editiondaslabor.de\/blog\/wp-json\/wp\/v2\/media\/100418"}],"wp:attachment":[{"href":"http:\/\/www.editiondaslabor.de\/blog\/wp-json\/wp\/v2\/media?parent=19268"}],"wp:term":[{"taxonomy":"category","embeddable":true,"href":"http:\/\/www.editiondaslabor.de\/blog\/wp-json\/wp\/v2\/categories?post=19268"},{"taxonomy":"post_tag","embeddable":true,"href":"http:\/\/www.editiondaslabor.de\/blog\/wp-json\/wp\/v2\/tags?post=19268"}],"curies":[{"name":"wp","href":"https:\/\/api.w.org\/{rel}","templated":true}]}}