{"id":190,"date":"2012-01-07T00:01:41","date_gmt":"2012-01-06T23:01:41","guid":{"rendered":"http:\/\/www.editiondaslabor.de\/blog\/?p=190"},"modified":"2021-11-29T15:56:22","modified_gmt":"2021-11-29T14:56:22","slug":"denise-steger-in-der-werkstattgalerie-der-bogen","status":"publish","type":"post","link":"http:\/\/www.editiondaslabor.de\/blog\/2012\/01\/07\/denise-steger-in-der-werkstattgalerie-der-bogen\/","title":{"rendered":"Figurenentbl\u00f6ssungsshow"},"content":{"rendered":"<p style=\"text-align: justify;\"><a href=\"http:\/\/www.editiondaslabor.de\/blog\/wp-content\/uploads\/2012\/01\/Ku\u0308nstlerbuchtitel.jpg\"><img loading=\"lazy\" decoding=\"async\" class=\"size-large wp-image-191 alignleft\" title=\"Ku\u0308nstlerbuchtitel\" src=\"http:\/\/www.editiondaslabor.de\/blog\/wp-content\/uploads\/2012\/01\/Ku\u0308nstlerbuchtitel-745x1024.jpg\" alt=\"\" width=\"352\" height=\"483\" srcset=\"http:\/\/www.editiondaslabor.de\/blog\/wp-content\/uploads\/2012\/01\/Ku\u0308nstlerbuchtitel-745x1024.jpg 745w, http:\/\/www.editiondaslabor.de\/blog\/wp-content\/uploads\/2012\/01\/Ku\u0308nstlerbuchtitel-218x300.jpg 218w\" sizes=\"auto, (max-width: 352px) 100vw, 352px\" \/><\/a>In ihrem K\u00fcnstlerbuch \u201eJonahan und sein Gebet\u201c schreibt Denise Steger zudem \u00fcber die Verunsicherung unserer personalen Identit\u00e4t. Die in Linz am Rhein lebende Artistin inszeniert eine grandios groteske Figurenentbl\u00f6ssungsshow, sie beschreibt einen Kleinb\u00fcrger mit einer antisozialen Pers\u00f6nlichkeitsst\u00f6rung, der in der Buchhaltung arbeitet. Diese Prosa lebt von einer erstaunlichen Sch\u00e4rfe der Wahrnehmung, das Unheimliche, das die Autorin sucht, wird so in eine Phantasiewelt ausgelagert und verliert gerade die Unheimlichkeit, die darin best\u00fcnde, dass diese Geschichte jederzeit und \u00fcberall m\u00f6glich ist.<\/p>\n<p style=\"text-align: justify;\">\u201eJonahan und sein Gebet\u201c ist ein Dokument f\u00fcr das ausgek\u00fchlte, abgekl\u00e4rt illusionslose Lebensgef\u00fchl einer Generation. Cool begegnen sich Menschen darin, gefangen im interessiert-desinteressierten Ichbezug, herrscht oft Ber\u00fchrungslosigkeit. Dieser lyrische Roman balanciert auf der ununterscheidbaren Grenze von wahrer und falscher Lebendigkeit, gutem und schlechtem Symptomen. Pluralisierte und individualisierte Gesellschaften f\u00fchlen sich durch Unverbindlichkeit verbunden. Abstand ist ihr Kennzeichen. Die Struktur der liberalisierten Arbeit &#8211; Isolierung, Austauschbarkeit, wenig Verbindlichkeit und hohes Risiko &#8211; bildet sich in diese Prosa ab. Der Tod lauert im Anderen von uns: im Objekt, dem gegen\u00fcber sich die modernen Menschen finden, oder im Spiegelbild, in das sie blicken.<\/p>\n<p>&nbsp;<\/p>\n<p style=\"text-align: center;\">***<\/p>\n<p><strong>Regalien<\/strong> &#8211; Was uns verbindet, ist das Papier &#8211;<\/p>\n<p>Vernissage: 15. Januar 2012, 17.00 Uhr<\/p>\n<p>Einf\u00fchrung: J.C. Albers<\/p>\n<p>+ eine poetische Performance von Phillip Bracht &amp; A.J. Weigoni<\/p>\n<p>K\u00fcnstlerb\u00fccher und Arbeiten aus dem Umfeld von<\/p>\n<p>Pia Bohr, Almuth Hickl, Haimo Hieronymus, Karl-Heinz Hosse, Birgit Jensen, Stephanie Neuhaus, Ulrich Johannes M\u00fcller, Florian M\u00fcller, Yanic Ro\u00dfmann und Denise Steger<\/p>\n<p>Dauer der Ausstellung: 16.01 &#8211; 04.02. 2012<\/p>\n<p><a href=\"http:\/\/www.der-bogen.de\/\">Werkstattgalerie DER BOGEN<\/a> | M\u00f6hnestra\u00dfe 59 | 59755 Arnsberg-Neheim<\/p>\n<p>&nbsp;<\/p>\n","protected":false},"excerpt":{"rendered":"<p>In ihrem K\u00fcnstlerbuch \u201eJonahan und sein Gebet\u201c schreibt Denise Steger zudem \u00fcber die Verunsicherung unserer personalen Identit\u00e4t. Die in Linz am Rhein lebende Artistin inszeniert eine grandios groteske Figurenentbl\u00f6ssungsshow, sie beschreibt einen Kleinb\u00fcrger mit einer antisozialen Pers\u00f6nlichkeitsst\u00f6rung, der in der&hellip;<\/p>\n<p class=\"more-link-p\"><a class=\"more-link\" href=\"http:\/\/www.editiondaslabor.de\/blog\/2012\/01\/07\/denise-steger-in-der-werkstattgalerie-der-bogen\/\">Read more &rarr;<\/a><\/p>\n","protected":false},"author":257,"featured_media":1028,"comment_status":"open","ping_status":"open","sticky":false,"template":"","format":"standard","meta":{"footnotes":""},"categories":[1],"tags":[1119],"class_list":["post-190","post","type-post","status-publish","format-standard","has-post-thumbnail","hentry","category-literatur","tag-denise-steger"],"_links":{"self":[{"href":"http:\/\/www.editiondaslabor.de\/blog\/wp-json\/wp\/v2\/posts\/190","targetHints":{"allow":["GET"]}}],"collection":[{"href":"http:\/\/www.editiondaslabor.de\/blog\/wp-json\/wp\/v2\/posts"}],"about":[{"href":"http:\/\/www.editiondaslabor.de\/blog\/wp-json\/wp\/v2\/types\/post"}],"author":[{"embeddable":true,"href":"http:\/\/www.editiondaslabor.de\/blog\/wp-json\/wp\/v2\/users\/257"}],"replies":[{"embeddable":true,"href":"http:\/\/www.editiondaslabor.de\/blog\/wp-json\/wp\/v2\/comments?post=190"}],"version-history":[{"count":0,"href":"http:\/\/www.editiondaslabor.de\/blog\/wp-json\/wp\/v2\/posts\/190\/revisions"}],"wp:featuredmedia":[{"embeddable":true,"href":"http:\/\/www.editiondaslabor.de\/blog\/wp-json\/"}],"wp:attachment":[{"href":"http:\/\/www.editiondaslabor.de\/blog\/wp-json\/wp\/v2\/media?parent=190"}],"wp:term":[{"taxonomy":"category","embeddable":true,"href":"http:\/\/www.editiondaslabor.de\/blog\/wp-json\/wp\/v2\/categories?post=190"},{"taxonomy":"post_tag","embeddable":true,"href":"http:\/\/www.editiondaslabor.de\/blog\/wp-json\/wp\/v2\/tags?post=190"}],"curies":[{"name":"wp","href":"https:\/\/api.w.org\/{rel}","templated":true}]}}