{"id":18889,"date":"2013-10-18T00:57:47","date_gmt":"2013-10-17T22:57:47","guid":{"rendered":"http:\/\/www.editiondaslabor.de\/blog\/?p=18889"},"modified":"2019-10-05T18:38:50","modified_gmt":"2019-10-05T16:38:50","slug":"der-poetenladen-last-die-puppen-tanzen","status":"publish","type":"post","link":"http:\/\/www.editiondaslabor.de\/blog\/2013\/10\/18\/der-poetenladen-last-die-puppen-tanzen\/","title":{"rendered":"&#8222;Bring Deinen K\u00f6rper mit auf die Party&#8220;"},"content":{"rendered":"<p style=\"text-align: justify;\"><a href=\"http:\/\/www.editiondaslabor.de\/blog\/wp-content\/uploads\/2013\/10\/telegraph2013-autorinnen-400400.jpg\"><img loading=\"lazy\" decoding=\"async\" class=\"alignleft size-medium wp-image-18890\" title=\"telegraph2013-autorinnen-400400\" src=\"http:\/\/www.editiondaslabor.de\/blog\/wp-content\/uploads\/2013\/10\/telegraph2013-autorinnen-400400-300x219.jpg\" alt=\"\" width=\"300\" height=\"219\" srcset=\"http:\/\/www.editiondaslabor.de\/blog\/wp-content\/uploads\/2013\/10\/telegraph2013-autorinnen-400400-300x219.jpg 300w, http:\/\/www.editiondaslabor.de\/blog\/wp-content\/uploads\/2013\/10\/telegraph2013-autorinnen-400400.jpg 400w\" sizes=\"auto, (max-width: 300px) 100vw, 300px\" \/><\/a>Das Erscheinen des f\u00fcnfzehnten \u201epoet\u201c nimmt der poetenladen zum Anlass einer Vorstellung des Magazin. Es darf mit einer bunten, literarisch spannenden Mischung aus Lesung, Autorendialog und Life-Musik gerechnet werden.<\/p>\n<div>\n<p style=\"text-align: justify;\">Unter den Lesenden sind&nbsp; Katharina Hartwell, deren hochgelobtes Romandeb\u00fct \u201eDas fremde Meer\u201c soeben im Berlin Verlag erschien, sowie Verena G\u00fcntner, die beim diesj\u00e4hrigen Bachmannwettbewerb erfolgreich war. Die Lyrik wird durch Peggy Neidel vertreten sein, deren Deb\u00fct \u201ewei\u00df\u201c in der Reihe Neue Lyrik (poetenladen und KdFS) erschien. KUNO zum <a href=\"http:\/\/www.editiondaslabor.de\/blog\/?p=18414\">Lyrikdeb\u00fct<\/a> von Peggy Neidel.<\/p>\n<p style=\"text-align: center;\">***<\/p>\n<p>poet-Leseparty<strong>, <\/strong><strong>heute, ab 20 Uhr<\/strong><br \/>\nTELEGRAPH: Dittrichring 18-20, 04109 Leipzig<\/p>\n<p>Autoren:<br \/>\nKatharina Hartwell (Leipzig)<br \/>\nVerena G\u00fcntner (Berlin)<br \/>\nPeggy Neidel&nbsp; (Berlin\/D\u00fcsseldorf)<br \/>\nModeration: Jan Kulhlbrodt, Katharina Bendixen<br \/>\nMusik:&nbsp; Albert Cas\u00e1n Mill\u00e0 \/&nbsp;Hans Knudsen \/ Olga Reznichenko&nbsp; \/ Steven Boreham<br \/>\nBegr\u00fc\u00dfung: Andreas Heidtmann<br \/>\nEintritt: frei<\/p>\n<p>&nbsp;<\/p>\n<p>&nbsp;<\/p>\n<\/div>\n","protected":false},"excerpt":{"rendered":"<p>Das Erscheinen des f\u00fcnfzehnten \u201epoet\u201c nimmt der poetenladen zum Anlass einer Vorstellung des Magazin. Es darf mit einer bunten, literarisch spannenden Mischung aus Lesung, Autorendialog und Life-Musik gerechnet werden. Unter den Lesenden sind&nbsp; Katharina Hartwell, deren hochgelobtes Romandeb\u00fct \u201eDas fremde&hellip;<\/p>\n<p class=\"more-link-p\"><a class=\"more-link\" href=\"http:\/\/www.editiondaslabor.de\/blog\/2013\/10\/18\/der-poetenladen-last-die-puppen-tanzen\/\">Read more &rarr;<\/a><\/p>\n","protected":false},"author":257,"featured_media":0,"comment_status":"closed","ping_status":"open","sticky":false,"template":"","format":"standard","meta":{"footnotes":""},"categories":[1],"tags":[1339,1336,97,1337],"class_list":["post-18889","post","type-post","status-publish","format-standard","hentry","category-literatur","tag-katharina-bendixen","tag-katharina-hartwell","tag-peggy-neidel","tag-verena-guntner"],"_links":{"self":[{"href":"http:\/\/www.editiondaslabor.de\/blog\/wp-json\/wp\/v2\/posts\/18889","targetHints":{"allow":["GET"]}}],"collection":[{"href":"http:\/\/www.editiondaslabor.de\/blog\/wp-json\/wp\/v2\/posts"}],"about":[{"href":"http:\/\/www.editiondaslabor.de\/blog\/wp-json\/wp\/v2\/types\/post"}],"author":[{"embeddable":true,"href":"http:\/\/www.editiondaslabor.de\/blog\/wp-json\/wp\/v2\/users\/257"}],"replies":[{"embeddable":true,"href":"http:\/\/www.editiondaslabor.de\/blog\/wp-json\/wp\/v2\/comments?post=18889"}],"version-history":[{"count":0,"href":"http:\/\/www.editiondaslabor.de\/blog\/wp-json\/wp\/v2\/posts\/18889\/revisions"}],"wp:attachment":[{"href":"http:\/\/www.editiondaslabor.de\/blog\/wp-json\/wp\/v2\/media?parent=18889"}],"wp:term":[{"taxonomy":"category","embeddable":true,"href":"http:\/\/www.editiondaslabor.de\/blog\/wp-json\/wp\/v2\/categories?post=18889"},{"taxonomy":"post_tag","embeddable":true,"href":"http:\/\/www.editiondaslabor.de\/blog\/wp-json\/wp\/v2\/tags?post=18889"}],"curies":[{"name":"wp","href":"https:\/\/api.w.org\/{rel}","templated":true}]}}