{"id":1878,"date":"2011-09-17T17:00:39","date_gmt":"2011-09-17T15:00:39","guid":{"rendered":"http:\/\/www.editiondaslabor.de\/blog\/?p=1878"},"modified":"2025-10-25T08:04:52","modified_gmt":"2025-10-25T06:04:52","slug":"wasserkur","status":"publish","type":"post","link":"http:\/\/www.editiondaslabor.de\/blog\/2011\/09\/17\/wasserkur\/","title":{"rendered":"Wasserkur"},"content":{"rendered":"<p style=\"text-align: justify;\"><a href=\"http:\/\/www.editiondaslabor.de\/blog\/wp-content\/uploads\/2012\/02\/wasserkur_butt_grote.jpg\"><img loading=\"lazy\" decoding=\"async\" class=\"alignleft size-medium wp-image-1879\" title=\"wasserkur_butt_grote\" src=\"http:\/\/www.editiondaslabor.de\/blog\/wp-content\/uploads\/2012\/02\/wasserkur_butt_grote-300x225.jpg\" alt=\"\" width=\"300\" height=\"225\" srcset=\"http:\/\/www.editiondaslabor.de\/blog\/wp-content\/uploads\/2012\/02\/wasserkur_butt_grote-300x225.jpg 300w, http:\/\/www.editiondaslabor.de\/blog\/wp-content\/uploads\/2012\/02\/wasserkur_butt_grote-1024x768.jpg 1024w\" sizes=\"auto, (max-width: 300px) 100vw, 300px\" \/><\/a>Als Schirmherr wird eine Pers\u00f6nlichkeit oder eine Organisation bezeichnet, die mit ihrem Namen eine Veranstaltung oder eine gemeinn\u00fctzige Organisation unterst\u00fctzt. Wenn jedoch Schirmfrauen die tragbare Bedachung in die Hand nehmen, kommt etwas g\u00e4nzlich anderes dabei heraus.<\/p>\r\n<p style=\"text-align: justify;\">Die raumbezogene Videoinstallation von Katja Butt verwandelte die statische Architektur des Ausstellungsraums im Rheintor in ein dynamisches mediales Gef\u00fcge, in dem Au\u00dfen und Innen, Oben und Unten, Gestern und Heute zu einer Einheit wurden. Ein eindringliches minimalistisches Videobild wurde zu rhythmisch strukturierten Sequenzen komponiert, die sich \u00fcber einen Monitor hinweg zu einem geschlossenen Ablauf verbinden. Der Monitor funktioniert als gestalterisches Element und jenseits einer untergeordneten Funktion als neutraler Rahmen der Begrenzung eines Bildfeldes. In der Pr\u00e4sentation verschmelzen Raum, Bild und pointiert gesetzte Akustik zu einer neuen Dimension, zu einem eigenst\u00e4ndigen K\u00f6rper, dessen einzelne Bestandteile voneinander abh\u00e4ngig sind und sich gegenseitig beeinflussen. Am Ende bleibt die Kamera im wahrsten Sinne des Wortes ein Werkzeug, ein Instrument, das man beherrschen mu\u00df, um mit ihm Sinnlichkeit darzustellen.<\/p>\r\n<p style=\"text-align: justify;\">Butts Kunst fordert den Betrachter heraus, mehr von dem, was er sieht, auch ernst zu nehmen. Wir leben in einer bilderreichen Zeit und lassen uns von einer Pixelflut durch die Tage schwemmen. Die Skulpturistin, Videok\u00fcnstlerin, Zeichnerin und Photographin Butt befragt die umbaute Bewegung in einem Akt der Dissidenz und bringt damit Bewegung in die starre Architektur. Transformation, lautet das Stichwort. Der Eros der Kunst von Butt liegt in der Biologie der Existenz: der puren Freude und der Lust an Fleisch und Geist. Es verbleiben Pfeile mit Widerhaken, die im Ged\u00e4chtnis des Betrachters verankern.<\/p>\r\n<div id=\"attachment_91837\" style=\"width: 460px\" class=\"wp-caption aligncenter\"><a href=\"http:\/\/www.editiondaslabor.de\/blog\/wp-content\/uploads\/2021\/09\/wasserkur01.jpg\"><img loading=\"lazy\" decoding=\"async\" aria-describedby=\"caption-attachment-91837\" class=\"wp-image-91837 size-full\" src=\"http:\/\/www.editiondaslabor.de\/blog\/wp-content\/uploads\/2021\/09\/wasserkur01.jpg\" alt=\"\" width=\"450\" height=\"338\" srcset=\"http:\/\/www.editiondaslabor.de\/blog\/wp-content\/uploads\/2021\/09\/wasserkur01.jpg 450w, http:\/\/www.editiondaslabor.de\/blog\/wp-content\/uploads\/2021\/09\/wasserkur01-300x225.jpg 300w, http:\/\/www.editiondaslabor.de\/blog\/wp-content\/uploads\/2021\/09\/wasserkur01-260x195.jpg 260w, http:\/\/www.editiondaslabor.de\/blog\/wp-content\/uploads\/2021\/09\/wasserkur01-160x120.jpg 160w\" sizes=\"auto, (max-width: 450px) 100vw, 450px\" \/><\/a><p id=\"caption-attachment-91837\" class=\"wp-caption-text\">Videoinstallation f\u00fcr das Rheintor in Linz. Beamer, Videoband, Regenschirme, Befestigungsmaterial, mit Heidrun Grote<\/p><\/div>\r\n<p>&nbsp;<\/p>\r\n<p style=\"text-align: justify;\">Bemerkenswert am mittelalterlichen Rheintor in Linz sind die beeindruckenden Hochwassermarken an der Au\u00dfenfassade. Die W\u00e4nde im Innenraum sind bis auf eine H\u00f6he von ca. 2 Metern gekachelt.<\/p>\r\n<p style=\"text-align: justify;\">F\u00fcnf wei\u00dfe Regenschirme schweben um 90 Grad gekippt in unterschiedlicher H\u00f6he scheinbar schwerelos in dem abgedunkelten Raum und rotieren unabh\u00e4ngig voneinander in langsamen Drehbewegungen um ihre eigene Achse. Eine der wei\u00dfen Schutzfl\u00e4chen dient als Projektionsebene f\u00fcr das gebeamte Videobild.<\/p>\r\n<p style=\"text-align: justify;\">In unregelm\u00e4\u00dfigen Abst\u00e4nden wird live ein Gedicht von Wilhelm M\u00fcller (1794 &#8211; 1827) rezitiert:<\/p>\r\n<p style=\"text-align: justify;\"><em><strong>Tr\u00e4nenregen<\/strong><\/em> Wir sa\u00dfen so traulich beisammen Im k\u00fchlen Erlendach, Wir schauten so traulich zusammen Hinab in den rieselnden Bach. Der Mond war auch gekommen, Die Sternlein hinterdrein, Und schauten so traulich zusammen In den silbernen Spiegel hinein. Ich sah nach keinem Monde, Nach keinem Sternenschein, Ich schaute nach ihrem Bilde, Nach ihren Augen allein. Und sahe sie nicken und blicken Herauf aus dem seligen Bach, Die Bl\u00fcmlein am Ufer, die blauen, Sie nickten und blickten ihr nach. Und in den Bach versunken Der ganze Himmel schien Und wollte mich mit hinunter In seine Tiefe ziehn. Und \u00fcber den Wolken und Sternen, Da rieselte munter der Bach Und rief mit Singen und Klingen: Geselle, Geselle, mir nach! Da gingen die Augen mir \u00fcber, Da ward es im Spiegel so kraus; Sie sprach: Es kommt ein Regen, Ade, ich geh nach Haus.<\/p>\r\n<p>&nbsp;<\/p>\r\n<p style=\"text-align: center;\">***<\/p>\r\n<p>&nbsp;<\/p>\r\n<p style=\"text-align: justify;\"><strong>Wasserkur<\/strong> von Katja Butt und Heidrun Grote<\/p>\r\n<p style=\"text-align: justify;\"><strong>Rheintor, Linz \u2013 Anno Domini 2011<\/strong>, Edition Das Labor 2011. \u2013 Limitierte und handsignierte Auflage von 100 Exemplaren. \u2013 Dem Exemplar 1 \u2013 50 liegt ein Holzschnitt von Haimo Hieronymus bei.<\/p>\r\n<div id=\"attachment_98474\" style=\"width: 208px\" class=\"wp-caption alignleft\"><img loading=\"lazy\" decoding=\"async\" aria-describedby=\"caption-attachment-98474\" class=\"wp-image-98474 size-medium\" src=\"http:\/\/www.editiondaslabor.de\/blog\/wp-content\/uploads\/2021\/12\/Rheintor-198x300.jpg\" alt=\"\" width=\"198\" height=\"300\" \/><p id=\"caption-attachment-98474\" class=\"wp-caption-text\">Rheintor, Photo: Klaus Krumscheid<\/p><\/div>\r\n<p style=\"text-align: justify;\"><strong>Weiterf\u00fchrend \u2192<\/strong><\/p>\r\n<p style=\"text-align: justify;\">Bei KUNO pr\u00e4sentieren wir Essays \u00fcber den Zwischenraum von Denken und Dichten, wobei das Denken von der Sprache kaum zu l\u00f6sen ist. Einen Essay zur Rheintorreihe finden Sie <a href=\"http:\/\/www.editiondaslabor.de\/blog\/2011\/12\/10\/rheintor-revisited\/\">hier<\/a>.<\/p>\r\n<p style=\"text-align: justify;\"><strong>\u2192<\/strong> Lesen Sie auch KUNOs <a href=\"http:\/\/www.editiondaslabor.de\/blog\/2013\/12\/10\/zur-gattung-essay\/\">Hommage<\/a> an die Gattung des Essays.<\/p>\r\n<!-- \/wp:post-content -->\r\n\r\n<!-- wp:image {\"align\":\"left\",\"id\":19610,\"sizeSlug\":\"large\"} -->\r\n<div class=\"wp-block-image\" style=\"text-align: justify;\">\u00a0<\/div>\r\n<p>&nbsp;<\/p>","protected":false},"excerpt":{"rendered":"<p>Als Schirmherr wird eine Pers\u00f6nlichkeit oder eine Organisation bezeichnet, die mit ihrem Namen eine Veranstaltung oder eine gemeinn\u00fctzige Organisation unterst\u00fctzt. Wenn jedoch Schirmfrauen die tragbare Bedachung in die Hand nehmen, kommt etwas g\u00e4nzlich anderes dabei heraus. Die raumbezogene Videoinstallation von&hellip;<\/p>\n<p class=\"more-link-p\"><a class=\"more-link\" href=\"http:\/\/www.editiondaslabor.de\/blog\/2011\/09\/17\/wasserkur\/\">Read more &rarr;<\/a><\/p>\n","protected":false},"author":254,"featured_media":98474,"comment_status":"open","ping_status":"open","sticky":false,"template":"","format":"standard","meta":{"footnotes":""},"categories":[1],"tags":[79,4006,96,4397,3530],"class_list":["post-1878","post","type-post","status-publish","format-standard","has-post-thumbnail","hentry","category-literatur","tag-heidrun-grote","tag-johannes-schmidt","tag-katja-butt","tag-rheintor","tag-wilhelm-mueller"],"_links":{"self":[{"href":"http:\/\/www.editiondaslabor.de\/blog\/wp-json\/wp\/v2\/posts\/1878","targetHints":{"allow":["GET"]}}],"collection":[{"href":"http:\/\/www.editiondaslabor.de\/blog\/wp-json\/wp\/v2\/posts"}],"about":[{"href":"http:\/\/www.editiondaslabor.de\/blog\/wp-json\/wp\/v2\/types\/post"}],"author":[{"embeddable":true,"href":"http:\/\/www.editiondaslabor.de\/blog\/wp-json\/wp\/v2\/users\/254"}],"replies":[{"embeddable":true,"href":"http:\/\/www.editiondaslabor.de\/blog\/wp-json\/wp\/v2\/comments?post=1878"}],"version-history":[{"count":2,"href":"http:\/\/www.editiondaslabor.de\/blog\/wp-json\/wp\/v2\/posts\/1878\/revisions"}],"predecessor-version":[{"id":106299,"href":"http:\/\/www.editiondaslabor.de\/blog\/wp-json\/wp\/v2\/posts\/1878\/revisions\/106299"}],"wp:featuredmedia":[{"embeddable":true,"href":"http:\/\/www.editiondaslabor.de\/blog\/wp-json\/wp\/v2\/media\/98474"}],"wp:attachment":[{"href":"http:\/\/www.editiondaslabor.de\/blog\/wp-json\/wp\/v2\/media?parent=1878"}],"wp:term":[{"taxonomy":"category","embeddable":true,"href":"http:\/\/www.editiondaslabor.de\/blog\/wp-json\/wp\/v2\/categories?post=1878"},{"taxonomy":"post_tag","embeddable":true,"href":"http:\/\/www.editiondaslabor.de\/blog\/wp-json\/wp\/v2\/tags?post=1878"}],"curies":[{"name":"wp","href":"https:\/\/api.w.org\/{rel}","templated":true}]}}