{"id":18617,"date":"2013-11-06T00:27:23","date_gmt":"2013-11-05T23:27:23","guid":{"rendered":"http:\/\/www.editiondaslabor.de\/blog\/?p=18617"},"modified":"2013-11-06T08:35:14","modified_gmt":"2013-11-06T07:35:14","slug":"pianissimo6","status":"publish","type":"post","link":"http:\/\/www.editiondaslabor.de\/blog\/2013\/11\/06\/pianissimo6\/","title":{"rendered":"Pianissimo6"},"content":{"rendered":"<p>&nbsp;<\/p>\n<p>Der Ringelrauch einer Zigarette, die<\/p>\n<p>Konturen verschwinden im Zimmer, deine<\/p>\n<p>Wimper zwischen meinen Fingern, liegt<\/p>\n<p>sie oben oder unten? Der Beigeschmack<\/p>\n<p>von etwas starrt uns vom Sofa an<\/p>\n<p>geht man in die Hocke, fressen einen<\/p>\n<p>die W\u00f6lfe nicht, so das Ger\u00fccht, deine<\/p>\n<p>Riechnase ist sch\u00f6n, gibt was her, ist<\/p>\n<p>kein Ger\u00fccht, gib der Erde Futter, drau\u00dfen<\/p>\n<p>st\u00fcrzen sonst die H\u00e4user um, die Worte<\/p>\n<p>fluten uns an Inspirationstagen<\/p>\n<p>werden wir fortgesp\u00fclt, stell den<\/p>\n<p>Teekessel auf die Herdplatte, l\u00f6se<\/p>\n<p>das durchsichtige Korsett vom<\/p>\n<p>t\u00fcrkischen Teeglas, n\u00e4here dich<\/p>\n<p>dem Integrationszwang, der Islamphobie<\/p>\n<p>verlerne deine Sprache, be up to date.<\/p>\n<p>&nbsp;<\/p>\n<p>(Aus dem Gedichtzyklus: Pianissimo)<\/p>\n<p>&nbsp;<\/p>\n<p style=\"text-align: center;\">\u00a0***<\/p>\n<div id=\"attachment_18629\" style=\"width: 310px\" class=\"wp-caption alignleft\"><a href=\"http:\/\/www.editiondaslabor.de\/blog\/wp-content\/uploads\/2013\/11\/safiye-can-300x1841.jpg\"><img loading=\"lazy\" decoding=\"async\" aria-describedby=\"caption-attachment-18629\" class=\"size-full wp-image-18629\" title=\"safiye-can-300x184\" src=\"http:\/\/www.editiondaslabor.de\/blog\/wp-content\/uploads\/2013\/11\/safiye-can-300x1841.jpg\" alt=\"\" width=\"300\" height=\"184\" \/><\/a><p id=\"caption-attachment-18629\" class=\"wp-caption-text\">Foto: Jaques Fleury-Sint\u00e8s<\/p><\/div>\n<p style=\"text-align: justify;\">Safiye Can, Studium der Philosophie, Psychoanalyse und Rechtswissenschaft an der Goethe-Universit\u00e4t in Frankfurt. Nach dem Abschluss Zweitstudium in Germanistik und Kunstgeschichte ebenda. Kuratorin der Zwischenraum-Bibliothek der Heinrich-B\u00f6ll-Stiftung, Mitarbeiterin der Horst Bingel-Stiftung f\u00fcr Literatur, Leitung von Schreibwerkst\u00e4tten und Lyrik-Workshops sowie ehrenamtliche Mitarbeiterin bei Amnesty International.<\/p>\n<p style=\"text-align: justify;\">Literarischen Arbeitsgebiete: Lyrik, darunter visuelle\/konkrete Poesie, Langgedichte und Prosa sowie \u00dcbersetzungen. Safiye Can ist mehrfache Preistr\u00e4gerin und lebt als freie Autorin und literarische \u00dcbersetzerin in Offenbach am Main.<\/p>\n","protected":false},"excerpt":{"rendered":"<p>&nbsp; Der Ringelrauch einer Zigarette, die Konturen verschwinden im Zimmer, deine Wimper zwischen meinen Fingern, liegt sie oben oder unten? Der Beigeschmack von etwas starrt uns vom Sofa an geht man in die Hocke, fressen einen die W\u00f6lfe nicht, so&hellip;<\/p>\n<p class=\"more-link-p\"><a class=\"more-link\" href=\"http:\/\/www.editiondaslabor.de\/blog\/2013\/11\/06\/pianissimo6\/\">Read more &rarr;<\/a><\/p>\n","protected":false},"author":118,"featured_media":0,"comment_status":"closed","ping_status":"open","sticky":false,"template":"","format":"standard","meta":{"footnotes":""},"categories":[1],"tags":[691],"class_list":["post-18617","post","type-post","status-publish","format-standard","hentry","category-literatur","tag-safiye-can"],"_links":{"self":[{"href":"http:\/\/www.editiondaslabor.de\/blog\/wp-json\/wp\/v2\/posts\/18617","targetHints":{"allow":["GET"]}}],"collection":[{"href":"http:\/\/www.editiondaslabor.de\/blog\/wp-json\/wp\/v2\/posts"}],"about":[{"href":"http:\/\/www.editiondaslabor.de\/blog\/wp-json\/wp\/v2\/types\/post"}],"author":[{"embeddable":true,"href":"http:\/\/www.editiondaslabor.de\/blog\/wp-json\/wp\/v2\/users\/118"}],"replies":[{"embeddable":true,"href":"http:\/\/www.editiondaslabor.de\/blog\/wp-json\/wp\/v2\/comments?post=18617"}],"version-history":[{"count":0,"href":"http:\/\/www.editiondaslabor.de\/blog\/wp-json\/wp\/v2\/posts\/18617\/revisions"}],"wp:attachment":[{"href":"http:\/\/www.editiondaslabor.de\/blog\/wp-json\/wp\/v2\/media?parent=18617"}],"wp:term":[{"taxonomy":"category","embeddable":true,"href":"http:\/\/www.editiondaslabor.de\/blog\/wp-json\/wp\/v2\/categories?post=18617"},{"taxonomy":"post_tag","embeddable":true,"href":"http:\/\/www.editiondaslabor.de\/blog\/wp-json\/wp\/v2\/tags?post=18617"}],"curies":[{"name":"wp","href":"https:\/\/api.w.org\/{rel}","templated":true}]}}