{"id":18208,"date":"2014-12-17T00:01:12","date_gmt":"2014-12-16T23:01:12","guid":{"rendered":"http:\/\/www.editiondaslabor.de\/blog\/?p=18208"},"modified":"2021-10-03T18:12:04","modified_gmt":"2021-10-03T16:12:04","slug":"alphabetikon-venus","status":"publish","type":"post","link":"http:\/\/www.editiondaslabor.de\/blog\/2014\/12\/17\/alphabetikon-venus\/","title":{"rendered":"Alphabetikon: Venus"},"content":{"rendered":"<p><a href=\"http:\/\/www.editiondaslabor.de\/blog\/wp-content\/uploads\/2013\/09\/2013-Venus-b.jpg\"><img loading=\"lazy\" decoding=\"async\" class=\"size-full wp-image-18209 aligncenter\" title=\"2013 Venus 181x138 cm Acryl, Kreide Graphit Schellack\" src=\"http:\/\/www.editiondaslabor.de\/blog\/wp-content\/uploads\/2013\/09\/2013-Venus-b.jpg\" alt=\"\" width=\"773\" height=\"998\" srcset=\"http:\/\/www.editiondaslabor.de\/blog\/wp-content\/uploads\/2013\/09\/2013-Venus-b.jpg 773w, http:\/\/www.editiondaslabor.de\/blog\/wp-content\/uploads\/2013\/09\/2013-Venus-b-232x300.jpg 232w\" sizes=\"auto, (max-width: 773px) 100vw, 773px\" \/><\/a><\/p>\n<p>&nbsp;<\/p>\n<div class=\"entry-content\">\n<p style=\"text-align: justify;\"><strong>Weiterf\u00fchrend \u2192<\/strong> Zum Thema K\u00fcnstlerb\u00fccher finden Sie hier einen <a href=\"http:\/\/www.editiondaslabor.de\/blog\/?p=12840\">Essay<\/a> sowie einen <a href=\"http:\/\/www.editiondaslabor.de\/blog\/?p=834\">Artikel<\/a> von J.C. Albers. Vertiefend auch das <a href=\"http:\/\/www.editiondaslabor.de\/blog\/?p=21407\">Kollegengespr\u00e4ch<\/a> mit Haimo Hieronymus.<\/p>\n<p style=\"text-align: justify;\">Die K\u00fcnstlerbucher sind erh\u00e4ltlich \u00fcber die Werkstattgalerie Der Bogen, Tel. 0173 7276421<\/p>\n<\/div>\n","protected":false},"excerpt":{"rendered":"<p>&nbsp; Weiterf\u00fchrend \u2192 Zum Thema K\u00fcnstlerb\u00fccher finden Sie hier einen Essay sowie einen Artikel von J.C. Albers. Vertiefend auch das Kollegengespr\u00e4ch mit Haimo Hieronymus. Die K\u00fcnstlerbucher sind erh\u00e4ltlich \u00fcber die Werkstattgalerie Der Bogen, Tel. 0173 7276421<\/p>\n<p class=\"more-link-p\"><a class=\"more-link\" href=\"http:\/\/www.editiondaslabor.de\/blog\/2014\/12\/17\/alphabetikon-venus\/\">Read more &rarr;<\/a><\/p>\n","protected":false},"author":4,"featured_media":21927,"comment_status":"closed","ping_status":"open","sticky":false,"template":"","format":"standard","meta":{"footnotes":""},"categories":[1],"tags":[44],"class_list":["post-18208","post","type-post","status-publish","format-standard","has-post-thumbnail","hentry","category-literatur","tag-haimo-hieronymus"],"_links":{"self":[{"href":"http:\/\/www.editiondaslabor.de\/blog\/wp-json\/wp\/v2\/posts\/18208","targetHints":{"allow":["GET"]}}],"collection":[{"href":"http:\/\/www.editiondaslabor.de\/blog\/wp-json\/wp\/v2\/posts"}],"about":[{"href":"http:\/\/www.editiondaslabor.de\/blog\/wp-json\/wp\/v2\/types\/post"}],"author":[{"embeddable":true,"href":"http:\/\/www.editiondaslabor.de\/blog\/wp-json\/wp\/v2\/users\/4"}],"replies":[{"embeddable":true,"href":"http:\/\/www.editiondaslabor.de\/blog\/wp-json\/wp\/v2\/comments?post=18208"}],"version-history":[{"count":0,"href":"http:\/\/www.editiondaslabor.de\/blog\/wp-json\/wp\/v2\/posts\/18208\/revisions"}],"wp:featuredmedia":[{"embeddable":true,"href":"http:\/\/www.editiondaslabor.de\/blog\/wp-json\/"}],"wp:attachment":[{"href":"http:\/\/www.editiondaslabor.de\/blog\/wp-json\/wp\/v2\/media?parent=18208"}],"wp:term":[{"taxonomy":"category","embeddable":true,"href":"http:\/\/www.editiondaslabor.de\/blog\/wp-json\/wp\/v2\/categories?post=18208"},{"taxonomy":"post_tag","embeddable":true,"href":"http:\/\/www.editiondaslabor.de\/blog\/wp-json\/wp\/v2\/tags?post=18208"}],"curies":[{"name":"wp","href":"https:\/\/api.w.org\/{rel}","templated":true}]}}