{"id":181,"date":"2019-05-16T00:01:56","date_gmt":"2019-05-15T22:01:56","guid":{"rendered":"http:\/\/www.editiondaslabor.de\/blog\/?p=181"},"modified":"2019-05-16T05:50:28","modified_gmt":"2019-05-16T03:50:28","slug":"gedichte-ohne-worte-ii","status":"publish","type":"post","link":"http:\/\/www.editiondaslabor.de\/blog\/2019\/05\/16\/gedichte-ohne-worte-ii\/","title":{"rendered":"Gedichte ohne Worte II"},"content":{"rendered":"<p><a href=\"http:\/\/www.editiondaslabor.de\/blog\/wp-content\/uploads\/2012\/01\/03-Das-andere-Buch.jpg\"><img loading=\"lazy\" decoding=\"async\" class=\"alignnone size-large wp-image-182\" title=\"03-Das andere Buch\" src=\"http:\/\/www.editiondaslabor.de\/blog\/wp-content\/uploads\/2012\/01\/03-Das-andere-Buch-684x1024.jpg\" alt=\"\" width=\"352\" height=\"526\" srcset=\"http:\/\/www.editiondaslabor.de\/blog\/wp-content\/uploads\/2012\/01\/03-Das-andere-Buch-684x1024.jpg 684w, http:\/\/www.editiondaslabor.de\/blog\/wp-content\/uploads\/2012\/01\/03-Das-andere-Buch-200x300.jpg 200w, http:\/\/www.editiondaslabor.de\/blog\/wp-content\/uploads\/2012\/01\/03-Das-andere-Buch.jpg 1744w\" sizes=\"auto, (max-width: 352px) 100vw, 352px\" \/><\/a><\/p>\n<p>&nbsp;<\/p>\n<p>&nbsp;<\/p>\n<p style=\"text-align: center;\">***<\/p>\n<p><strong>Weiterf\u00fchrend \u2192 <\/strong>Eine W\u00fcrdigung der Hungertuchpreistr\u00e4gerin finden Sie <a href=\"http:\/\/www.editiondaslabor.de\/blog\/?m=201201\">hier<\/a>. Mehr Informationen zur K\u00fcnstlerin, <a href=\"http:\/\/www.art-denise-steger.de\/\">hier<\/a>.<\/p>\n","protected":false},"excerpt":{"rendered":"<p>&nbsp; &nbsp; *** Weiterf\u00fchrend \u2192 Eine W\u00fcrdigung der Hungertuchpreistr\u00e4gerin finden Sie hier. Mehr Informationen zur K\u00fcnstlerin, hier.<\/p>\n<p class=\"more-link-p\"><a class=\"more-link\" href=\"http:\/\/www.editiondaslabor.de\/blog\/2019\/05\/16\/gedichte-ohne-worte-ii\/\">Read more &rarr;<\/a><\/p>\n","protected":false},"author":181,"featured_media":0,"comment_status":"open","ping_status":"open","sticky":false,"template":"","format":"standard","meta":{"footnotes":""},"categories":[1],"tags":[1119],"class_list":["post-181","post","type-post","status-publish","format-standard","hentry","category-literatur","tag-denise-steger"],"_links":{"self":[{"href":"http:\/\/www.editiondaslabor.de\/blog\/wp-json\/wp\/v2\/posts\/181","targetHints":{"allow":["GET"]}}],"collection":[{"href":"http:\/\/www.editiondaslabor.de\/blog\/wp-json\/wp\/v2\/posts"}],"about":[{"href":"http:\/\/www.editiondaslabor.de\/blog\/wp-json\/wp\/v2\/types\/post"}],"author":[{"embeddable":true,"href":"http:\/\/www.editiondaslabor.de\/blog\/wp-json\/wp\/v2\/users\/181"}],"replies":[{"embeddable":true,"href":"http:\/\/www.editiondaslabor.de\/blog\/wp-json\/wp\/v2\/comments?post=181"}],"version-history":[{"count":0,"href":"http:\/\/www.editiondaslabor.de\/blog\/wp-json\/wp\/v2\/posts\/181\/revisions"}],"wp:attachment":[{"href":"http:\/\/www.editiondaslabor.de\/blog\/wp-json\/wp\/v2\/media?parent=181"}],"wp:term":[{"taxonomy":"category","embeddable":true,"href":"http:\/\/www.editiondaslabor.de\/blog\/wp-json\/wp\/v2\/categories?post=181"},{"taxonomy":"post_tag","embeddable":true,"href":"http:\/\/www.editiondaslabor.de\/blog\/wp-json\/wp\/v2\/tags?post=181"}],"curies":[{"name":"wp","href":"https:\/\/api.w.org\/{rel}","templated":true}]}}