{"id":18086,"date":"2010-03-08T00:01:45","date_gmt":"2010-03-07T23:01:45","guid":{"rendered":"http:\/\/www.editiondaslabor.de\/blog\/?p=18086"},"modified":"2021-10-25T08:41:36","modified_gmt":"2021-10-25T06:41:36","slug":"18086","status":"publish","type":"post","link":"http:\/\/www.editiondaslabor.de\/blog\/2010\/03\/08\/18086\/","title":{"rendered":"Miniatur"},"content":{"rendered":"<p style=\"text-align: justify;\">:<br \/>\ndie muschis der<\/p>\n<p style=\"text-align: justify;\">pinken bl\u00fcten<\/p>\n<p style=\"text-align: justify;\">aufspringen du<\/p>\n<p style=\"text-align: justify;\">fingerst als w\u00e4r nix in<\/p>\n<p style=\"text-align: justify;\">meinem ged\u00e4chtnis.<\/p>\n<p>&nbsp;<\/p>\n<p>&nbsp;<\/p>\n<p style=\"text-align: center;\">***<\/p>\n<p><strong>binnen <\/strong>von Sophie Reyer, Leykam Verlag, 2010.<\/p>\n<p><a href=\"http:\/\/www.editiondaslabor.de\/blog\/wp-content\/uploads\/2013\/10\/binnenCover1.jpg\"><img loading=\"lazy\" decoding=\"async\" class=\"alignleft size-full wp-image-18121\" src=\"http:\/\/www.editiondaslabor.de\/blog\/wp-content\/uploads\/2013\/10\/binnenCover1.jpg\" alt=\"\" width=\"120\" height=\"190\" \/><\/a><strong>Weiterf\u00fchrend \u2192<\/strong><\/p>\n<p class=\"hide-if-no-js\" style=\"text-align: justify;\">Ein Portr\u00e4t von Sophie Reyer findet sich\u00a0<a href=\"http:\/\/www.editiondaslabor.de\/blog\/?p=18115\">hier<\/a>. In ihrem preisgekr\u00f6nten Essay <a href=\"http:\/\/www.editiondaslabor.de\/blog\/?p=17985\"><em>Referenzuniversum<\/em><\/a> geht sie der Frage nach, wie das Schreiben durch das schreibende Analysieren gebrochen wird. Vertiefend zur Lekt\u00fcre empfohlen, das Kollegengespr\u00e4ch\u00a0<a href=\"http:\/\/www.editiondaslabor.de\/blog\/?p=19055\">:2= Verweisungszeichen zur Twitteratur<\/a>\u00a0von Sophie Reyer und A.J. Weigoni zum Projekt <i>Wortspielhalle<\/i>. H\u00f6ren kann man einen Auszug aus der <em>Wortspielhalle<\/em> in der Reihe <a href=\"http:\/\/vordenker.de\/weigoni\/wortspielhalle.htm\">MetaPhon<\/a>.<\/p>\n<p>&nbsp;<\/p>\n","protected":false},"excerpt":{"rendered":"<p>: die muschis der pinken bl\u00fcten aufspringen du fingerst als w\u00e4r nix in meinem ged\u00e4chtnis. &nbsp; &nbsp; *** binnen von Sophie Reyer, Leykam Verlag, 2010. Weiterf\u00fchrend \u2192 Ein Portr\u00e4t von Sophie Reyer findet sich\u00a0hier. In ihrem preisgekr\u00f6nten Essay Referenzuniversum geht&hellip;<\/p>\n<p class=\"more-link-p\"><a class=\"more-link\" href=\"http:\/\/www.editiondaslabor.de\/blog\/2010\/03\/08\/18086\/\">Read more &rarr;<\/a><\/p>\n","protected":false},"author":100,"featured_media":18121,"comment_status":"closed","ping_status":"open","sticky":false,"template":"","format":"standard","meta":{"footnotes":""},"categories":[1],"tags":[394],"class_list":["post-18086","post","type-post","status-publish","format-standard","has-post-thumbnail","hentry","category-literatur","tag-sophie-reyer"],"_links":{"self":[{"href":"http:\/\/www.editiondaslabor.de\/blog\/wp-json\/wp\/v2\/posts\/18086","targetHints":{"allow":["GET"]}}],"collection":[{"href":"http:\/\/www.editiondaslabor.de\/blog\/wp-json\/wp\/v2\/posts"}],"about":[{"href":"http:\/\/www.editiondaslabor.de\/blog\/wp-json\/wp\/v2\/types\/post"}],"author":[{"embeddable":true,"href":"http:\/\/www.editiondaslabor.de\/blog\/wp-json\/wp\/v2\/users\/100"}],"replies":[{"embeddable":true,"href":"http:\/\/www.editiondaslabor.de\/blog\/wp-json\/wp\/v2\/comments?post=18086"}],"version-history":[{"count":0,"href":"http:\/\/www.editiondaslabor.de\/blog\/wp-json\/wp\/v2\/posts\/18086\/revisions"}],"wp:featuredmedia":[{"embeddable":true,"href":"http:\/\/www.editiondaslabor.de\/blog\/wp-json\/"}],"wp:attachment":[{"href":"http:\/\/www.editiondaslabor.de\/blog\/wp-json\/wp\/v2\/media?parent=18086"}],"wp:term":[{"taxonomy":"category","embeddable":true,"href":"http:\/\/www.editiondaslabor.de\/blog\/wp-json\/wp\/v2\/categories?post=18086"},{"taxonomy":"post_tag","embeddable":true,"href":"http:\/\/www.editiondaslabor.de\/blog\/wp-json\/wp\/v2\/tags?post=18086"}],"curies":[{"name":"wp","href":"https:\/\/api.w.org\/{rel}","templated":true}]}}