{"id":17963,"date":"2013-09-13T00:38:57","date_gmt":"2013-09-12T22:38:57","guid":{"rendered":"http:\/\/www.editiondaslabor.de\/blog\/?p=17963"},"modified":"2019-10-05T18:10:55","modified_gmt":"2019-10-05T16:10:55","slug":"subterranean-homesick-streamcarts-mit","status":"publish","type":"post","link":"http:\/\/www.editiondaslabor.de\/blog\/2013\/09\/13\/subterranean-homesick-streamcarts-mit\/","title":{"rendered":"SUBTERRANEAN HOMESICK STREAMCARTS mit:"},"content":{"rendered":"<p style=\"text-align: justify;\">&#8222;Die Stadt als Wellental im Audio Stream&#8220; &#8211; nach Texten des Essays &#8222;Die Stadt als Wellental in der Bilderflut&#8220; von Vil\u00e8m Flusser &#8211; eine mobile 12-Kanal-H\u00f6rspiel-Surround-Performance f\u00fcr 12 Einkaufswagen in der City Tiefgarage unter dem Viktoria-Platz im Rahmen der MOMENTANINDUSTRIE, dem neuen Stadtspiel in Realversion vom Ringlokschuppen M\u00fclheim\/Ruhr.<\/p>\n<p style=\"text-align: justify;\"><a href=\"http:\/\/www.editiondaslabor.de\/blog\/wp-content\/uploads\/2013\/09\/USAP_Cart_Header_1.jpeg\"><img loading=\"lazy\" decoding=\"async\" class=\"alignleft size-full wp-image-17964\" title=\"USAP_Cart_Header_1\" src=\"http:\/\/www.editiondaslabor.de\/blog\/wp-content\/uploads\/2013\/09\/USAP_Cart_Header_1.jpeg\" alt=\"\" width=\"1000\" height=\"288\" srcset=\"http:\/\/www.editiondaslabor.de\/blog\/wp-content\/uploads\/2013\/09\/USAP_Cart_Header_1.jpeg 1000w, http:\/\/www.editiondaslabor.de\/blog\/wp-content\/uploads\/2013\/09\/USAP_Cart_Header_1-300x86.jpeg 300w\" sizes=\"auto, (max-width: 1000px) 100vw, 1000px\" \/><\/a><\/p>\n<p style=\"text-align: justify;\">Musik \/ Textverarbeitung: Peter Eisold<br \/>\nTechnische Realisation \/ Einkaufswagen-Choreografie: Micha Dawid<br \/>\nStimmen: Barara Schmidt \/ J\u00fcrgen Krall<br \/>\nStreamcarts Piloten: B\u00fcrger der Stadt M\u00fclheim<br \/>\nMultichannel Audio Streaming: USAP System<\/p>\n<p style=\"text-align: center;\">***<\/p>\n<p>Auff\u00fchrungen<br \/>\nFr. 13.09.\u00a0 &gt; 17:00 &#8211; 17:30 (Part 1)\u00a0 \/\/\u00a0 18:00 &#8211; 18:30 (Part 2)<br \/>\nSa 14.09.\u00a0 &gt; 12:00 &#8211; 12:30 (Part 1) \/\/\u00a0 17:00 &#8211; 18:00 (Part 1 + Part 2 \/ LANGFASSUNG)<\/p>\n","protected":false},"excerpt":{"rendered":"<p>&#8222;Die Stadt als Wellental im Audio Stream&#8220; &#8211; nach Texten des Essays &#8222;Die Stadt als Wellental in der Bilderflut&#8220; von Vil\u00e8m Flusser &#8211; eine mobile 12-Kanal-H\u00f6rspiel-Surround-Performance f\u00fcr 12 Einkaufswagen in der City Tiefgarage unter dem Viktoria-Platz im Rahmen der MOMENTANINDUSTRIE,&hellip;<\/p>\n<p class=\"more-link-p\"><a class=\"more-link\" href=\"http:\/\/www.editiondaslabor.de\/blog\/2013\/09\/13\/subterranean-homesick-streamcarts-mit\/\">Read more &rarr;<\/a><\/p>\n","protected":false},"author":257,"featured_media":0,"comment_status":"closed","ping_status":"open","sticky":false,"template":"","format":"standard","meta":{"footnotes":""},"categories":[1],"tags":[1326],"class_list":["post-17963","post","type-post","status-publish","format-standard","hentry","category-literatur","tag-peter-eisold"],"_links":{"self":[{"href":"http:\/\/www.editiondaslabor.de\/blog\/wp-json\/wp\/v2\/posts\/17963","targetHints":{"allow":["GET"]}}],"collection":[{"href":"http:\/\/www.editiondaslabor.de\/blog\/wp-json\/wp\/v2\/posts"}],"about":[{"href":"http:\/\/www.editiondaslabor.de\/blog\/wp-json\/wp\/v2\/types\/post"}],"author":[{"embeddable":true,"href":"http:\/\/www.editiondaslabor.de\/blog\/wp-json\/wp\/v2\/users\/257"}],"replies":[{"embeddable":true,"href":"http:\/\/www.editiondaslabor.de\/blog\/wp-json\/wp\/v2\/comments?post=17963"}],"version-history":[{"count":0,"href":"http:\/\/www.editiondaslabor.de\/blog\/wp-json\/wp\/v2\/posts\/17963\/revisions"}],"wp:attachment":[{"href":"http:\/\/www.editiondaslabor.de\/blog\/wp-json\/wp\/v2\/media?parent=17963"}],"wp:term":[{"taxonomy":"category","embeddable":true,"href":"http:\/\/www.editiondaslabor.de\/blog\/wp-json\/wp\/v2\/categories?post=17963"},{"taxonomy":"post_tag","embeddable":true,"href":"http:\/\/www.editiondaslabor.de\/blog\/wp-json\/wp\/v2\/tags?post=17963"}],"curies":[{"name":"wp","href":"https:\/\/api.w.org\/{rel}","templated":true}]}}