{"id":17923,"date":"2013-09-12T00:10:37","date_gmt":"2013-09-11T22:10:37","guid":{"rendered":"http:\/\/www.editiondaslabor.de\/blog\/?p=17923"},"modified":"2019-10-05T18:11:19","modified_gmt":"2019-10-05T16:11:19","slug":"abgefullt","status":"publish","type":"post","link":"http:\/\/www.editiondaslabor.de\/blog\/2013\/09\/12\/abgefullt\/","title":{"rendered":"Abgef\u00fcllt"},"content":{"rendered":"<p align=\"right\">&nbsp;<span style=\"color: #888888;\">Wie verwandelt man Wasser in Geld?<\/span><\/p>\n<p align=\"right\"><em><span style=\"color: #888888;\">Es gibt eine Firma, die das Rezept genau kennt: Nestl\u00e9. Dieser Konzern dominiert den globalen Handel mit abgepacktem Trinkwasser.<\/span><\/em><\/p>\n<p>&nbsp;<\/p>\n<p style=\"text-align: justify;\">Der Gro\u00dfonzern Nestl\u00e9 hat den goldenen Wasserhahn erfunden, er dominiert den milliardenschweren Handel mit abgepacktem Trinkwasser. Ein Dokumentarfilm wirft jetzt dem Konzern vor, das gesellschaftliche Engagement der Schweizer, diene nur dazu, von der Ausbeutung der Wasserlieferanten in der Dritten Welt abzulenken.<\/p>\n<p style=\"text-align: right;\"><span style=\"color: #888888;\"><em>&nbsp;Sollten wir Nestl\u00e9 nicht einfach dankbar sein f\u00fcr ein sicheres Produkt?<br \/>\n<\/em><\/span><\/p>\n<p style=\"text-align: justify;\">In <a href=\"http:\/\/www.youtube.com\/watch?v=czfSwjx4yYA\"><em>Bottled Life<\/em><\/a> fragen der Filmemacher&nbsp;<a href=\"http:\/\/www.editiondaslabor.de\/blog\/wp-content\/uploads\/2013\/09\/Plakat.jpg\"><img loading=\"lazy\" decoding=\"async\" class=\"alignleft size-medium wp-image-17924\" title=\"Plakat\" src=\"http:\/\/www.editiondaslabor.de\/blog\/wp-content\/uploads\/2013\/09\/Plakat-219x300.jpg\" alt=\"\" width=\"219\" height=\"300\" srcset=\"http:\/\/www.editiondaslabor.de\/blog\/wp-content\/uploads\/2013\/09\/Plakat-219x300.jpg 219w, http:\/\/www.editiondaslabor.de\/blog\/wp-content\/uploads\/2013\/09\/Plakat.jpg 241w\" sizes=\"auto, (max-width: 219px) 100vw, 219px\" \/><\/a> nach der Glaubw\u00fcrdigkeit der sozialen und \u00f6kologischen Bekenntnisse eines Multis, der das Trinkwasser zu einer kommerziellen Ware erkl\u00e4rt. Sie folgen der Spur von Vittel, Perrier und San Pellegrino in L\u00e4nder wie Nigeria oder Pakistan, die immer noch unter Wasserengp\u00e4ssen leiden.<\/p>\n<p style=\"text-align: justify;\">Der Konzern Nestl\u00e9, so recherchiert der Film, sauge hier das Grundwasser ab und verkaufe es teuer an die jeweilige Oberschicht, ohne R\u00fccksicht auf den Bedarf der lokalen Bev\u00f6lkerung zu nehmen. Zeitgleich wachsen Protestbewegungen in Brasilien und den USA, die sich gegen den billigen Einkauf bei den privatisierten Trinkwasserbetrieben wehren.<\/p>\n<p style=\"text-align: right;\"><span style=\"color: #888888;\"><em>Ist Nestl\u00e9 schuld, wenn sich das nicht alle leisten k\u00f6nnen?<\/em><\/span><\/p>\n<p style=\"text-align: justify;\">Der Schweizer Journalist Res Gehriger hat einen Blick hinter die Kulissen des Milliardengesch\u00e4fts zu geworfen.&nbsp;Der Konzern Nestl\u00e9 blockt ab. Es sei der falsche Film zur falschen Zeit, hie\u00df es in der Konzernzentrale. Doch der Journalist l\u00e4sst sich nicht abwimmeln. Er bricht auf zu einer Entdeckungsreise, recherchiert in den USA, in Nigeria und in Pakistan. Die Expedition in die Welt des Flaschenwassers verdichtet sich zu einem Bild \u00fcber die Denkweisen und Strategien des m\u00e4chtigsten Lebensmittelkonzerns der Welt.<\/p>\n<p style=\"text-align: center;\">&nbsp;***<\/p>\n<p><strong>Bottled Life<\/strong>, ab heute im Kino.<\/p>\n","protected":false},"excerpt":{"rendered":"<p>&nbsp;Wie verwandelt man Wasser in Geld? Es gibt eine Firma, die das Rezept genau kennt: Nestl\u00e9. Dieser Konzern dominiert den globalen Handel mit abgepacktem Trinkwasser. &nbsp; Der Gro\u00dfonzern Nestl\u00e9 hat den goldenen Wasserhahn erfunden, er dominiert den milliardenschweren Handel mit&hellip;<\/p>\n<p class=\"more-link-p\"><a class=\"more-link\" href=\"http:\/\/www.editiondaslabor.de\/blog\/2013\/09\/12\/abgefullt\/\">Read more &rarr;<\/a><\/p>\n","protected":false},"author":257,"featured_media":0,"comment_status":"closed","ping_status":"open","sticky":false,"template":"","format":"standard","meta":{"footnotes":""},"categories":[1],"tags":[1325,1324],"class_list":["post-17923","post","type-post","status-publish","format-standard","hentry","category-literatur","tag-res-gehriger","tag-urs-schnell"],"_links":{"self":[{"href":"http:\/\/www.editiondaslabor.de\/blog\/wp-json\/wp\/v2\/posts\/17923","targetHints":{"allow":["GET"]}}],"collection":[{"href":"http:\/\/www.editiondaslabor.de\/blog\/wp-json\/wp\/v2\/posts"}],"about":[{"href":"http:\/\/www.editiondaslabor.de\/blog\/wp-json\/wp\/v2\/types\/post"}],"author":[{"embeddable":true,"href":"http:\/\/www.editiondaslabor.de\/blog\/wp-json\/wp\/v2\/users\/257"}],"replies":[{"embeddable":true,"href":"http:\/\/www.editiondaslabor.de\/blog\/wp-json\/wp\/v2\/comments?post=17923"}],"version-history":[{"count":0,"href":"http:\/\/www.editiondaslabor.de\/blog\/wp-json\/wp\/v2\/posts\/17923\/revisions"}],"wp:attachment":[{"href":"http:\/\/www.editiondaslabor.de\/blog\/wp-json\/wp\/v2\/media?parent=17923"}],"wp:term":[{"taxonomy":"category","embeddable":true,"href":"http:\/\/www.editiondaslabor.de\/blog\/wp-json\/wp\/v2\/categories?post=17923"},{"taxonomy":"post_tag","embeddable":true,"href":"http:\/\/www.editiondaslabor.de\/blog\/wp-json\/wp\/v2\/tags?post=17923"}],"curies":[{"name":"wp","href":"https:\/\/api.w.org\/{rel}","templated":true}]}}