{"id":17471,"date":"1993-10-27T00:00:12","date_gmt":"1993-10-26T23:00:12","guid":{"rendered":"http:\/\/www.editiondaslabor.de\/blog\/?p=17471"},"modified":"2021-10-06T16:25:07","modified_gmt":"2021-10-06T14:25:07","slug":"moglichkeitsfloskeln-leugnung","status":"publish","type":"post","link":"http:\/\/www.editiondaslabor.de\/blog\/1993\/10\/27\/moglichkeitsfloskeln-leugnung\/","title":{"rendered":"Leben in M\u00f6glichkeitsfloskeln XXVIII"},"content":{"rendered":"<p>&nbsp;<\/p>\n<p style=\"text-align: justify;\">Das einmal Gedachte l\u00e4\u00dft sich nicht mehr ins Dunkel zur\u00fccksto\u00dfen; es zu leugnen w\u00e4re pure Ignoranz &#8211; wie die Zerst\u00f6rung einer Fotografie sie ja nicht \u00fcberwindet, sondern nur zum Dokument der eigenen Hilflosigkeit ger\u00e4t.<\/p>\n<p>&nbsp;<\/p>\n<p>&nbsp;<\/p>\n<p>&nbsp;<\/p>\n<p style=\"text-align: justify;\"><a href=\"http:\/\/www.editiondaslabor.de\/blog\/wp-content\/uploads\/2013\/09\/IMG_1092-210x300.jpg\"><img loading=\"lazy\" decoding=\"async\" class=\"alignleft size-full wp-image-17491\" title=\"IMG_1092-210x300\" src=\"http:\/\/www.editiondaslabor.de\/blog\/wp-content\/uploads\/2013\/09\/IMG_1092-210x300.jpg\" alt=\"\" width=\"210\" height=\"300\" \/><\/a><strong>Weiterf\u00fchrend\u00a0\u2192 <\/strong>Lesen Sie auch den <a href=\"http:\/\/www.editiondaslabor.de\/blog\/?p=12763\">Nachruf<\/a> \u00fcber Peter Meilchens Lebenswerk und den <a href=\"http:\/\/www.editiondaslabor.de\/blog\/?p=21518\">Essay<\/a> <em>50 Jahre Krumscheid \/ Meilchen<\/em> \u00fcber die\u00a0Retrospektive im Kunstverein Linz und den Essay zum Buch \/ Katalog-Projekt <a href=\"http:\/\/www.editiondaslabor.de\/blog\/?p=46549\"><em>630<\/em><\/a>.<\/p>\n","protected":false},"excerpt":{"rendered":"<p>&nbsp; Das einmal Gedachte l\u00e4\u00dft sich nicht mehr ins Dunkel zur\u00fccksto\u00dfen; es zu leugnen w\u00e4re pure Ignoranz &#8211; wie die Zerst\u00f6rung einer Fotografie sie ja nicht \u00fcberwindet, sondern nur zum Dokument der eigenen Hilflosigkeit ger\u00e4t. &nbsp; &nbsp; &nbsp; Weiterf\u00fchrend\u00a0\u2192 Lesen&hellip;<\/p>\n<p class=\"more-link-p\"><a class=\"more-link\" href=\"http:\/\/www.editiondaslabor.de\/blog\/1993\/10\/27\/moglichkeitsfloskeln-leugnung\/\">Read more &rarr;<\/a><\/p>\n","protected":false},"author":52,"featured_media":44720,"comment_status":"closed","ping_status":"open","sticky":false,"template":"","format":"standard","meta":{"footnotes":""},"categories":[1],"tags":[52],"class_list":["post-17471","post","type-post","status-publish","format-standard","has-post-thumbnail","hentry","category-literatur","tag-peter-meilchen"],"_links":{"self":[{"href":"http:\/\/www.editiondaslabor.de\/blog\/wp-json\/wp\/v2\/posts\/17471","targetHints":{"allow":["GET"]}}],"collection":[{"href":"http:\/\/www.editiondaslabor.de\/blog\/wp-json\/wp\/v2\/posts"}],"about":[{"href":"http:\/\/www.editiondaslabor.de\/blog\/wp-json\/wp\/v2\/types\/post"}],"author":[{"embeddable":true,"href":"http:\/\/www.editiondaslabor.de\/blog\/wp-json\/wp\/v2\/users\/52"}],"replies":[{"embeddable":true,"href":"http:\/\/www.editiondaslabor.de\/blog\/wp-json\/wp\/v2\/comments?post=17471"}],"version-history":[{"count":0,"href":"http:\/\/www.editiondaslabor.de\/blog\/wp-json\/wp\/v2\/posts\/17471\/revisions"}],"wp:featuredmedia":[{"embeddable":true,"href":"http:\/\/www.editiondaslabor.de\/blog\/wp-json\/"}],"wp:attachment":[{"href":"http:\/\/www.editiondaslabor.de\/blog\/wp-json\/wp\/v2\/media?parent=17471"}],"wp:term":[{"taxonomy":"category","embeddable":true,"href":"http:\/\/www.editiondaslabor.de\/blog\/wp-json\/wp\/v2\/categories?post=17471"},{"taxonomy":"post_tag","embeddable":true,"href":"http:\/\/www.editiondaslabor.de\/blog\/wp-json\/wp\/v2\/tags?post=17471"}],"curies":[{"name":"wp","href":"https:\/\/api.w.org\/{rel}","templated":true}]}}