{"id":17322,"date":"2011-09-19T00:01:00","date_gmt":"2011-09-18T22:01:00","guid":{"rendered":"http:\/\/www.editiondaslabor.de\/blog\/?p=17322"},"modified":"2021-10-26T14:26:22","modified_gmt":"2021-10-26T12:26:22","slug":"zuruck-zum-beton","status":"publish","type":"post","link":"http:\/\/www.editiondaslabor.de\/blog\/2011\/09\/19\/zuruck-zum-beton\/","title":{"rendered":"Zur\u00fcck zum Beton"},"content":{"rendered":"<p><a href=\"http:\/\/www.editiondaslabor.de\/blog\/wp-content\/uploads\/2013\/08\/IVARISMUS-2-029.jpeg\"><img loading=\"lazy\" decoding=\"async\" class=\"alignleft size-full wp-image-17325\" title=\"IVARISMUS 2 029\" src=\"http:\/\/www.editiondaslabor.de\/blog\/wp-content\/uploads\/2013\/08\/IVARISMUS-2-029.jpeg\" alt=\"\" width=\"909\" height=\"682\" srcset=\"http:\/\/www.editiondaslabor.de\/blog\/wp-content\/uploads\/2013\/08\/IVARISMUS-2-029.jpeg 909w, http:\/\/www.editiondaslabor.de\/blog\/wp-content\/uploads\/2013\/08\/IVARISMUS-2-029-300x225.jpeg 300w\" sizes=\"auto, (max-width: 909px) 100vw, 909px\" \/><\/a><\/p>\n<p>&nbsp;<\/p>\n<p style=\"text-align: justify;\">Weitere Werke des K\u00fcnstlers sind <a href=\"http:\/\/www.editiondaslabor.de\/?p=208\">erh\u00e4ltlich<\/a> \u00fcber die Edition Das Labor.<\/p>\n","protected":false},"excerpt":{"rendered":"<p>&nbsp; Weitere Werke des K\u00fcnstlers sind erh\u00e4ltlich \u00fcber die Edition Das Labor.<\/p>\n<p class=\"more-link-p\"><a class=\"more-link\" href=\"http:\/\/www.editiondaslabor.de\/blog\/2011\/09\/19\/zuruck-zum-beton\/\">Read more &rarr;<\/a><\/p>\n","protected":false},"author":52,"featured_media":50424,"comment_status":"closed","ping_status":"open","sticky":false,"template":"","format":"standard","meta":{"footnotes":""},"categories":[1],"tags":[52],"class_list":["post-17322","post","type-post","status-publish","format-standard","has-post-thumbnail","hentry","category-literatur","tag-peter-meilchen"],"_links":{"self":[{"href":"http:\/\/www.editiondaslabor.de\/blog\/wp-json\/wp\/v2\/posts\/17322","targetHints":{"allow":["GET"]}}],"collection":[{"href":"http:\/\/www.editiondaslabor.de\/blog\/wp-json\/wp\/v2\/posts"}],"about":[{"href":"http:\/\/www.editiondaslabor.de\/blog\/wp-json\/wp\/v2\/types\/post"}],"author":[{"embeddable":true,"href":"http:\/\/www.editiondaslabor.de\/blog\/wp-json\/wp\/v2\/users\/52"}],"replies":[{"embeddable":true,"href":"http:\/\/www.editiondaslabor.de\/blog\/wp-json\/wp\/v2\/comments?post=17322"}],"version-history":[{"count":0,"href":"http:\/\/www.editiondaslabor.de\/blog\/wp-json\/wp\/v2\/posts\/17322\/revisions"}],"wp:featuredmedia":[{"embeddable":true,"href":"http:\/\/www.editiondaslabor.de\/blog\/wp-json\/"}],"wp:attachment":[{"href":"http:\/\/www.editiondaslabor.de\/blog\/wp-json\/wp\/v2\/media?parent=17322"}],"wp:term":[{"taxonomy":"category","embeddable":true,"href":"http:\/\/www.editiondaslabor.de\/blog\/wp-json\/wp\/v2\/categories?post=17322"},{"taxonomy":"post_tag","embeddable":true,"href":"http:\/\/www.editiondaslabor.de\/blog\/wp-json\/wp\/v2\/tags?post=17322"}],"curies":[{"name":"wp","href":"https:\/\/api.w.org\/{rel}","templated":true}]}}