{"id":17264,"date":"2013-08-15T09:15:57","date_gmt":"2013-08-15T07:15:57","guid":{"rendered":"http:\/\/www.editiondaslabor.de\/blog\/?p=17264"},"modified":"2013-08-05T12:23:12","modified_gmt":"2013-08-05T10:23:12","slug":"gedanken-die-um-ecken-biegen-3","status":"publish","type":"post","link":"http:\/\/www.editiondaslabor.de\/blog\/2013\/08\/15\/gedanken-die-um-ecken-biegen-3\/","title":{"rendered":"Gedanken, die um Ecken biegen"},"content":{"rendered":"<p>&nbsp;<\/p>\n<p style=\"text-align: justify;\">kunst ist stets auch geburt oder wiedergeburt von au\u00dferk\u00fcnstlerisch noch nicht oder nicht mehr lebbaren daseinsformen. weniger direkt den zw\u00e4ngen wirklichen lebens unterworfen, kann sie werte stimulieren, die real unausgebildet, versch\u00fcttet, vernachl\u00e4ssigt, deformiert und unterdr\u00fcckt sind, und so immer wieder neu uneingel\u00f6ste substanz freilegen.<\/p>\n<p>&nbsp;<\/p>\n<p style=\"text-align: center;\">***<\/p>\n<div id=\"attachment_17272\" style=\"width: 221px\" class=\"wp-caption alignleft\"><a href=\"http:\/\/www.editiondaslabor.de\/blog\/wp-content\/uploads\/2013\/08\/Cover11.jpg\"><img loading=\"lazy\" decoding=\"async\" aria-describedby=\"caption-attachment-17272\" class=\"size-full wp-image-17272\" title=\"Cover\" src=\"http:\/\/www.editiondaslabor.de\/blog\/wp-content\/uploads\/2013\/08\/Cover11.jpg\" alt=\"\" width=\"211\" height=\"300\" \/><\/a><p id=\"caption-attachment-17272\" class=\"wp-caption-text\">Covermotiv, Uwe Albert, Technik: Aquarell \/ Feder<\/p><\/div>\n<p style=\"text-align: justify;\">Aus dem Band:\u00a0<strong>Gedanken, die um Ecken biegen<\/strong>, Aphorismen von Holger Benkel,\u00a0<a href=\"http:\/\/www.editiondaslabor.de\/\">Edition Das Labor<\/a>, M\u00fclheim 2013.<\/p>\n<p>Ein Portr\u00e4t des Autors\u00a0<a href=\"http:\/\/www.editiondaslabor.de\/blog\/?p=7591\">Buch<\/a>\u00a0auf KUNO.<\/p>\n","protected":false},"excerpt":{"rendered":"<p>&nbsp; kunst ist stets auch geburt oder wiedergeburt von au\u00dferk\u00fcnstlerisch noch nicht oder nicht mehr lebbaren daseinsformen. weniger direkt den zw\u00e4ngen wirklichen lebens unterworfen, kann sie werte stimulieren, die real unausgebildet, versch\u00fcttet, vernachl\u00e4ssigt, deformiert und unterdr\u00fcckt sind, und so immer&hellip;<\/p>\n<p class=\"more-link-p\"><a class=\"more-link\" href=\"http:\/\/www.editiondaslabor.de\/blog\/2013\/08\/15\/gedanken-die-um-ecken-biegen-3\/\">Read more &rarr;<\/a><\/p>\n","protected":false},"author":36,"featured_media":0,"comment_status":"closed","ping_status":"open","sticky":false,"template":"","format":"standard","meta":{"footnotes":""},"categories":[1],"tags":[94],"class_list":["post-17264","post","type-post","status-publish","format-standard","hentry","category-literatur","tag-holger-benkel"],"_links":{"self":[{"href":"http:\/\/www.editiondaslabor.de\/blog\/wp-json\/wp\/v2\/posts\/17264","targetHints":{"allow":["GET"]}}],"collection":[{"href":"http:\/\/www.editiondaslabor.de\/blog\/wp-json\/wp\/v2\/posts"}],"about":[{"href":"http:\/\/www.editiondaslabor.de\/blog\/wp-json\/wp\/v2\/types\/post"}],"author":[{"embeddable":true,"href":"http:\/\/www.editiondaslabor.de\/blog\/wp-json\/wp\/v2\/users\/36"}],"replies":[{"embeddable":true,"href":"http:\/\/www.editiondaslabor.de\/blog\/wp-json\/wp\/v2\/comments?post=17264"}],"version-history":[{"count":0,"href":"http:\/\/www.editiondaslabor.de\/blog\/wp-json\/wp\/v2\/posts\/17264\/revisions"}],"wp:attachment":[{"href":"http:\/\/www.editiondaslabor.de\/blog\/wp-json\/wp\/v2\/media?parent=17264"}],"wp:term":[{"taxonomy":"category","embeddable":true,"href":"http:\/\/www.editiondaslabor.de\/blog\/wp-json\/wp\/v2\/categories?post=17264"},{"taxonomy":"post_tag","embeddable":true,"href":"http:\/\/www.editiondaslabor.de\/blog\/wp-json\/wp\/v2\/tags?post=17264"}],"curies":[{"name":"wp","href":"https:\/\/api.w.org\/{rel}","templated":true}]}}