{"id":17042,"date":"2013-08-12T00:02:04","date_gmt":"2013-08-11T22:02:04","guid":{"rendered":"http:\/\/www.editiondaslabor.de\/blog\/?p=17042"},"modified":"2021-12-27T07:23:48","modified_gmt":"2021-12-27T06:23:48","slug":"das-parfum-des-zahnarztes","status":"publish","type":"post","link":"http:\/\/www.editiondaslabor.de\/blog\/2013\/08\/12\/das-parfum-des-zahnarztes\/","title":{"rendered":"das Parfum des Zahnarztes"},"content":{"rendered":"<p>&nbsp;<\/p>\n<p>ich habe gar keine Angst \u2212<\/p>\n<p>ich friere nur<\/p>\n<p>mein Freund ist mir am fernsten am Fenster<\/p>\n<p>das Parfum des Zahnarztes \u2212 einsam wie ein Aquarium<\/p>\n<p>die Font\u00e4ne im Wintergarten, eben stillgelegt und beleuchtet, wohin das alles<\/p>\n<p>aber ich seh mich da mit dem Rad langfahren, den Umwegweg<\/p>\n<p>kaum wahr der Regen<\/p>\n<p>kaum war ich hier<\/p>\n<p>&nbsp;<\/p>\n<p>&nbsp;<\/p>\n<p style=\"text-align: center;\">***<\/p>\n<p style=\"text-align: justify;\">Erschienen in: <strong>Versnetze_sechs<\/strong>. <em>Deutschsprachige Lyrik der Gegenwart<\/em>\u00b7 2013. Verlag Ralf Liebe<\/p>\n<p style=\"text-align: justify;\"><a href=\"http:\/\/www.editiondaslabor.de\/blog\/wp-content\/uploads\/2013\/08\/Cover6.jpg\"><img loading=\"lazy\" decoding=\"async\" class=\"alignleft size-medium wp-image-17047\" title=\"Cover\" src=\"http:\/\/www.editiondaslabor.de\/blog\/wp-content\/uploads\/2013\/08\/Cover6-203x300.jpg\" alt=\"\" width=\"203\" height=\"300\" srcset=\"http:\/\/www.editiondaslabor.de\/blog\/wp-content\/uploads\/2013\/08\/Cover6-203x300.jpg 203w, http:\/\/www.editiondaslabor.de\/blog\/wp-content\/uploads\/2013\/08\/Cover6-695x1024.jpg 695w, http:\/\/www.editiondaslabor.de\/blog\/wp-content\/uploads\/2013\/08\/Cover6.jpg 1680w\" sizes=\"auto, (max-width: 203px) 100vw, 203px\" \/><\/a><strong>Weiterf\u00fchrend<\/strong> <strong>\u2192<\/strong> Poesie z\u00e4hlt f\u00fcr KUNO zu den identit\u00e4ts- und identifikationstiftenden Elementen der Kultur, dies bezeugt der Versuch einer <a href=\"http:\/\/www.editiondaslabor.de\/blog\/?p=25630\">poetologischen Positionsbestimmung<\/a>. Um den Widerstand gegen die gepolsterte Gegenwartslyrik ein wenig anzufachen schickte <span data-offset-key=\"d96ve-1-0\">Wolfgang Schlott<\/span><span data-offset-key=\"d96ve-2-0\"> dieses\u00a0 post-dadaistische <a href=\"http:\/\/www.editiondaslabor.de\/blog\/2016\/02\/03\/handwerkliche-anleitungen-zur-ueberwindung-von-schreibblockaden\/\">Manifest<\/a>. Warum<\/span> Lyrik wieder in die Zeitungen geh\u00f6rt <a href=\"http:\/\/www.editiondaslabor.de\/blog\/2017\/10\/07\/der-dichtung-eine-bresche-schlagen\/\">begr\u00fcndete<\/a> Walther Stonet, diese Forderung hat nichts an Aktualit\u00e4t verloren. Lesen Sie auch Maximilian Zanders <a href=\"http:\/\/www.editiondaslabor.de\/blog\/?p=5418\">Essay <\/a>\u00fcber Lyrik und ein R\u00fcckblick auf den <a href=\"http:\/\/www.editiondaslabor.de\/blog\/2014\/01\/08\/lyrik-katalog-bundesrepublik\/\"><em>Lyrik-Katalog Bundesrepublik<\/em><\/a>, sowie einen Essay \u00fcber den <a href=\"http:\/\/www.editiondaslabor.de\/blog\/2013\/12\/26\/lauschender-leser-und-redender-schreiber-2\/\">Lyrikvermittler<\/a> Theo Breuer. KUNO sch\u00e4tzt den minuti\u00f6sen Selbstinszenierungsprozess des lyrischen Dichter-Ichs von Ulrich Bergmann in der Reihe <a href=\"http:\/\/www.editiondaslabor.de\/blog\/?p=27947\">Keine Bojen auf hoher See, nur Sterne \u2026 und Schwerkraft. Gedanken \u00fcber das lyrische Schreiben<\/a>. Lesen Sie ein <a href=\"http:\/\/www.editiondaslabor.de\/blog\/?p=22835\">Portr\u00e4t <\/a>\u00fcber die interdisziplin\u00e4re T\u00e4tigkeit von Angelika Janz, sowie einen <a href=\"http:\/\/www.editiondaslabor.de\/blog\/?p=29450\">Essay<\/a> der <em>Fragmenttexterin.<\/em> Ein Portr\u00e4t von Sophie Reyer findet sich\u00a0<a href=\"http:\/\/www.editiondaslabor.de\/blog\/2013\/10\/08\/von-sappho-zu-sophie\/\">hier<\/a>, ein Essay fasst das transmediale Projekt<em> \u201e<a href=\"http:\/\/www.editiondaslabor.de\/blog\/2021\/04\/14\/bi-textualitaet\/\">Wortspielhalle<\/a>\u201c <\/em>zusammen<em>. <\/em>Auf KUNO lesen Sie u.a. Rezensionsessays von <a href=\"http:\/\/www.editiondaslabor.de\/blog\/2015\/06\/17\/beschwoerungszauber\/\">Holger Benkel<\/a> \u00fcber <a href=\"http:\/\/www.editiondaslabor.de\/blog\/?p=15175\">Andr\u00e9 Schinkel<\/a>, <a href=\"http:\/\/www.editiondaslabor.de\/blog\/2017\/11\/12\/mit-deutschen-untertiteln\/\">Ralph Pordzik<\/a>,\u00a0<a href=\"http:\/\/www.editiondaslabor.de\/blog\/2018\/12\/20\/wohnraeume-der-poesie\/\">Friederike Mayr\u00f6cker<\/a>, <a href=\"http:\/\/www.editiondaslabor.de\/blog\/2017\/03\/19\/welten-gegenwelten\/\">Werner Weimar-Mazur<\/a>, <a href=\"http:\/\/www.editiondaslabor.de\/blog\/2019\/06\/26\/wohnraeume-der-poesie-2\/\">Peter Engstler<\/a>, <a href=\"http:\/\/www.editiondaslabor.de\/blog\/?p=15177\">Birgitt Lieberwirth<\/a>, <a href=\"http:\/\/www.editiondaslabor.de\/blog\/2019\/08\/17\/der-grill-auf-der-hauswiese-der-welt\/\">Linda Vilhj\u00e1lmsd\u00f3ttir<\/a>, und <a href=\"http:\/\/www.editiondaslabor.de\/blog\/2017\/09\/17\/rettungsversuche-der-literatur-im-digitalen-raum\/\">A.J. Weigoni<\/a>. Lesenswert auch die <a href=\"http:\/\/www.editiondaslabor.de\/blog\/2020\/05\/16\/verseschmied-und-lyrikfischer\/\">Gratulation<\/a> von Axel Kutsch durch Markus Peters zum 75. Geburtstag. Nicht zu vergessen eine Empfehlung der kristallklaren Lyrik von <a href=\"http:\/\/www.editiondaslabor.de\/blog\/2020\/01\/19\/die-lyrikerin-ines-hagemeyer\/\">Ines Hagemeyer<\/a>. Diese Betrachtungen versammeln sich in der Tradition von <a href=\"http:\/\/www.editiondaslabor.de\/blog\/2000\/04\/04\/vauo\/\">V.O. Stomps<\/a>, dem Klassiker des Andersseins, dem <a href=\"http:\/\/www.editiondaslabor.de\/blog\/2005\/09\/24\/erinnerungen\/\">Bottroper Literaturrocker<\/a> &#8222;Biby&#8220; Wintjes und Hadayatullah H\u00fcbsch, dem Urvater des <a href=\"http:\/\/www.editiondaslabor.de\/blog\/1995\/06\/30\/wie-was-social-beat-ist-und-warum-und-warum-nicht\/\"><em>Social-Beat<\/em><\/a>, im KUNO-Online-Archiv. Wir empfehlen f\u00fcr Neulinge als Einstieg in das weite Feld der nonkonformistischen Literatur <a href=\"http:\/\/www.editiondaslabor.de\/blog\/2001\/04\/01\/nonkonformistische-literatur\/\">diesem Hinweis<\/a> zu folgen.<\/p>\n","protected":false},"excerpt":{"rendered":"<p>&nbsp; ich habe gar keine Angst \u2212 ich friere nur mein Freund ist mir am fernsten am Fenster das Parfum des Zahnarztes \u2212 einsam wie ein Aquarium die Font\u00e4ne im Wintergarten, eben stillgelegt und beleuchtet, wohin das alles aber ich&hellip;<\/p>\n<p class=\"more-link-p\"><a class=\"more-link\" href=\"http:\/\/www.editiondaslabor.de\/blog\/2013\/08\/12\/das-parfum-des-zahnarztes\/\">Read more &rarr;<\/a><\/p>\n","protected":false},"author":22,"featured_media":20152,"comment_status":"closed","ping_status":"open","sticky":false,"template":"","format":"standard","meta":{"footnotes":""},"categories":[1],"tags":[239],"class_list":["post-17042","post","type-post","status-publish","format-standard","has-post-thumbnail","hentry","category-literatur","tag-christine-kappe"],"_links":{"self":[{"href":"http:\/\/www.editiondaslabor.de\/blog\/wp-json\/wp\/v2\/posts\/17042","targetHints":{"allow":["GET"]}}],"collection":[{"href":"http:\/\/www.editiondaslabor.de\/blog\/wp-json\/wp\/v2\/posts"}],"about":[{"href":"http:\/\/www.editiondaslabor.de\/blog\/wp-json\/wp\/v2\/types\/post"}],"author":[{"embeddable":true,"href":"http:\/\/www.editiondaslabor.de\/blog\/wp-json\/wp\/v2\/users\/22"}],"replies":[{"embeddable":true,"href":"http:\/\/www.editiondaslabor.de\/blog\/wp-json\/wp\/v2\/comments?post=17042"}],"version-history":[{"count":0,"href":"http:\/\/www.editiondaslabor.de\/blog\/wp-json\/wp\/v2\/posts\/17042\/revisions"}],"wp:featuredmedia":[{"embeddable":true,"href":"http:\/\/www.editiondaslabor.de\/blog\/wp-json\/"}],"wp:attachment":[{"href":"http:\/\/www.editiondaslabor.de\/blog\/wp-json\/wp\/v2\/media?parent=17042"}],"wp:term":[{"taxonomy":"category","embeddable":true,"href":"http:\/\/www.editiondaslabor.de\/blog\/wp-json\/wp\/v2\/categories?post=17042"},{"taxonomy":"post_tag","embeddable":true,"href":"http:\/\/www.editiondaslabor.de\/blog\/wp-json\/wp\/v2\/tags?post=17042"}],"curies":[{"name":"wp","href":"https:\/\/api.w.org\/{rel}","templated":true}]}}