{"id":16966,"date":"2005-04-03T00:01:00","date_gmt":"2005-04-02T22:01:00","guid":{"rendered":"http:\/\/www.editiondaslabor.de\/blog\/?p=16966"},"modified":"2022-02-26T15:48:09","modified_gmt":"2022-02-26T14:48:09","slug":"untergehen","status":"publish","type":"post","link":"http:\/\/www.editiondaslabor.de\/blog\/2005\/04\/03\/untergehen\/","title":{"rendered":"untergehen"},"content":{"rendered":"<p>&nbsp;<\/p>\n<p>abends tragen die b\u00e4ume schwarz<\/p>\n<p>und sind schon nacht<\/p>\n<p>wenn der himmel zur dunkelheit<\/p>\n<p>noch \u00fcberredet werden muss<\/p>\n<p>in einem langen gespr\u00e4ch<\/p>\n<p>zwischen licht und schatten<\/p>\n<p>nur schwer l\u00e4sst er sich \u00fcberzeugen<\/p>\n<p>dann aber ist er beispiel<\/p>\n<p>ein schwarzes loch<\/p>\n<p>in dem die welt verschwindet<\/p>\n<p>&nbsp;<\/p>\n<p>&nbsp;<\/p>\n<p>&nbsp;<\/p>\n<p><b>\u00a0<\/b><\/p>\n<p style=\"text-align: center;\">***<\/p>\n<p class=\"hide-if-no-js\" style=\"text-align: justify;\"><a id=\"set-post-thumbnail\" class=\"thickbox\" href=\"http:\/\/www.editiondaslabor.de\/blog\/wp-admin\/media-upload.php?post_id=28066&amp;type=image&amp;TB_iframe=1\" aria-describedby=\"set-post-thumbnail-desc\"><img loading=\"lazy\" decoding=\"async\" class=\"attachment-266x266 size-266x266 alignleft\" src=\"http:\/\/www.editiondaslabor.de\/blog\/wp-content\/uploads\/2013\/09\/Andreas-Noga.jpeg\" alt=\"\" width=\"159\" height=\"234\" \/><\/a><strong>Weiterf\u00fchrend \u2192<\/strong>\u00a0\u00dcber die Qualit\u00e4t von Andreas Noga als Lyriker und Performer lesen sie <a href=\"http:\/\/www.editiondaslabor.de\/blog\/2011\/01\/15\/bewegung-ins-offene\/\">hier<\/a>.<\/p>\n<p style=\"text-align: justify;\"><strong>\u2192<\/strong>\u00a0Poesie z\u00e4hlt f\u00fcr KUNO weiterhin zu den identit\u00e4ts- und identifikationstiftenden Elementen einer Kultur, dies bezeugte auch der Versuch einer <a href=\"http:\/\/www.editiondaslabor.de\/blog\/?p=25630\">poetologischen Positionsbestimmung<\/a>.<\/p>\n<p>&nbsp;<\/p>\n","protected":false},"excerpt":{"rendered":"<p>&nbsp; abends tragen die b\u00e4ume schwarz und sind schon nacht wenn der himmel zur dunkelheit noch \u00fcberredet werden muss in einem langen gespr\u00e4ch zwischen licht und schatten nur schwer l\u00e4sst er sich \u00fcberzeugen dann aber ist er beispiel ein schwarzes&hellip;<\/p>\n<p class=\"more-link-p\"><a class=\"more-link\" href=\"http:\/\/www.editiondaslabor.de\/blog\/2005\/04\/03\/untergehen\/\">Read more &rarr;<\/a><\/p>\n","protected":false},"author":17,"featured_media":98731,"comment_status":"closed","ping_status":"open","sticky":false,"template":"","format":"standard","meta":{"footnotes":""},"categories":[1],"tags":[89],"class_list":["post-16966","post","type-post","status-publish","format-standard","has-post-thumbnail","hentry","category-literatur","tag-andreas-noga"],"_links":{"self":[{"href":"http:\/\/www.editiondaslabor.de\/blog\/wp-json\/wp\/v2\/posts\/16966","targetHints":{"allow":["GET"]}}],"collection":[{"href":"http:\/\/www.editiondaslabor.de\/blog\/wp-json\/wp\/v2\/posts"}],"about":[{"href":"http:\/\/www.editiondaslabor.de\/blog\/wp-json\/wp\/v2\/types\/post"}],"author":[{"embeddable":true,"href":"http:\/\/www.editiondaslabor.de\/blog\/wp-json\/wp\/v2\/users\/17"}],"replies":[{"embeddable":true,"href":"http:\/\/www.editiondaslabor.de\/blog\/wp-json\/wp\/v2\/comments?post=16966"}],"version-history":[{"count":3,"href":"http:\/\/www.editiondaslabor.de\/blog\/wp-json\/wp\/v2\/posts\/16966\/revisions"}],"predecessor-version":[{"id":100865,"href":"http:\/\/www.editiondaslabor.de\/blog\/wp-json\/wp\/v2\/posts\/16966\/revisions\/100865"}],"wp:featuredmedia":[{"embeddable":true,"href":"http:\/\/www.editiondaslabor.de\/blog\/wp-json\/wp\/v2\/media\/98731"}],"wp:attachment":[{"href":"http:\/\/www.editiondaslabor.de\/blog\/wp-json\/wp\/v2\/media?parent=16966"}],"wp:term":[{"taxonomy":"category","embeddable":true,"href":"http:\/\/www.editiondaslabor.de\/blog\/wp-json\/wp\/v2\/categories?post=16966"},{"taxonomy":"post_tag","embeddable":true,"href":"http:\/\/www.editiondaslabor.de\/blog\/wp-json\/wp\/v2\/tags?post=16966"}],"curies":[{"name":"wp","href":"https:\/\/api.w.org\/{rel}","templated":true}]}}