{"id":16835,"date":"2013-07-19T00:01:00","date_gmt":"2013-07-18T22:01:00","guid":{"rendered":"http:\/\/www.editiondaslabor.de\/blog\/?p=16835"},"modified":"2022-04-06T13:39:53","modified_gmt":"2022-04-06T11:39:53","slug":"200-jahre-kunstreligion","status":"publish","type":"post","link":"http:\/\/www.editiondaslabor.de\/blog\/2013\/07\/19\/200-jahre-kunstreligion\/","title":{"rendered":"200 Jahre Kunstreligion"},"content":{"rendered":"<p style=\"text-align: right;\"><span style=\"color: #888888;\"><em>Nachdem der Kunstmarkt die Kunstkritik endg\u00fcltig \u00fcbernommen hat, retten sich marktlose K\u00fcnstler scharenweise in die Arme von Kultur und Religion. Damit geht die Prognose vom Ende der Kunst in Erf\u00fcllung. 600 Jahre Kampf um die Autonomie der Kunst werden unter den Abermilliarden Dollar begraben, mit denen die Herren der Finanzwelt sogar den lieben Gott zu bestechen versuchten. Geld macht Glauben an den Wert der Kunst &#8211; Glauben macht Kunst zu Kultur.<\/em><\/span><\/p>\n<p style=\"text-align: right;\"><span style=\"color: #888888;\">Bazon Brock<\/span><\/p>\n<div id=\"attachment_16841\" style=\"width: 230px\" class=\"wp-caption alignright\"><a href=\"http:\/\/www.editiondaslabor.de\/blog\/wp-content\/uploads\/2013\/07\/220px-Brock_Bazon_010506_koeln_dionysosbrunnen.jpg\"><img loading=\"lazy\" decoding=\"async\" aria-describedby=\"caption-attachment-16841\" class=\"size-full wp-image-16841\" title=\"220px-Brock,_Bazon_010506_koeln_dionysosbrunnen\" src=\"http:\/\/www.editiondaslabor.de\/blog\/wp-content\/uploads\/2013\/07\/220px-Brock_Bazon_010506_koeln_dionysosbrunnen.jpg\" alt=\"\" width=\"220\" height=\"232\" \/><\/a><p id=\"caption-attachment-16841\" class=\"wp-caption-text\">Bazon Brock, Photographer: Hans Peter Schaefer<\/p><\/div>\n<p style=\"text-align: justify;\">Bazon Brock, Denker im Dienst und K\u00fcnstler ohne Werk, ist emeritierter Professor am Lehrstuhl f\u00fcr \u00c4sthetik und Kulturvermittlung an der Bergischen Universit\u00e4t Wuppertal. Weitere Professuren an der Hochschule f\u00fcr bildende K\u00fcnste Hamburg (1965\u20131976) und der Universit\u00e4t f\u00fcr angewandte Kunst, Wien (1977\u20131980). 1992 erhielt er die Ehrendoktorw\u00fcrde der Eidgen\u00f6ssisch Technischen Hochschule, Z\u00fcrich und 2012 die Ehrendoktorw\u00fcrde der Hochschule f\u00fcr Gestaltung Karlsruhe. Er entwickelte die Methode des \u00bbAction Teaching\u00ab, bei dem der Seminarraum zur B\u00fchne f\u00fcr Selbst- und Fremdinszenierungen wird. Von 1968 bis 1992 f\u00fchrte er in Kassel die von ihm begr\u00fcndeten documenta-Besucherschulen durch. Von 2010 bis 2013 leitete er das Studienangebot \u201eDer professionalisierte B\u00fcrger\u201c an der HfG Karlsruhe. Rund 2500 Veranstaltungen und Aktionslehrst\u00fccke; zuletzt \u201eLustmarsch durchs Theoriegel\u00e4nde\u201c (2006, in elf Museen). Er repr\u00e4sentiert das \u201eInstitut f\u00fcr theoretische Kunst, Universalpoesie und Prognostik\u201c, und ist Gr\u00fcnder der <a href=\"www.denkerei-berlin.de\">Denkerei<\/a> \/ Amt f\u00fcr Arbeit an unl\u00f6sbaren Problemen und Ma\u00dfnahmen der hohen Hand\u201c mit Sitz in Berlin.<\/p>\n<p style=\"text-align: justify;\">Eine gemeinsame Veranstaltung der Kulturabteilung der Stadt Pulheim in der Reihe Projekt Synagoge Stommeln und\u00a0 -1 \/ Minus Eins \/ Experimentallabor der Kunsthochschule f\u00fcr Medien K\u00f6ln \/ Mischa Kuball<\/p>\n<p>&nbsp;<\/p>\n<p>&nbsp;<\/p>\n<p>&nbsp;<\/p>\n<p style=\"text-align: center;\">***<\/p>\n<p style=\"text-align: justify;\"><strong>Von der Autorit\u00e4t durch Autorschaft zum religi\u00f6sen Fundamentalismus?<\/strong> &#8211; Kunst und Kirche heute &#8211;\u00a0Ein Vortrag von Bazon Brock<\/p>\n<p style=\"text-align: justify;\">Sonntag, den 21. Juli 2013, um 11 Uhr<\/p>\n<p style=\"text-align: justify;\">Ort: Scheune Schall, Hauptstra\u00dfe hinter Haus Nr. 85, 50259 Pulheim-Stommeln, Moderation: Mischa Kuball<\/p>\n<div id=\"attachment_16839\" style=\"width: 230px\" class=\"wp-caption alignleft\"><a href=\"http:\/\/www.editiondaslabor.de\/blog\/wp-content\/uploads\/2013\/07\/220px-Bazon_Brock_-_Der_Tod_muss_abgeschafft_werden_-_Pra\u0308geschild_in_Berlin_Hackesche_Ho\u0308fe.jpg\"><img loading=\"lazy\" decoding=\"async\" aria-describedby=\"caption-attachment-16839\" class=\"size-full wp-image-16839\" title=\"220px-Bazon_Brock_-_Der_Tod_muss_abgeschafft_werden_-_Pra\u0308geschild_in_Berlin_Hackesche_Ho\u0308fe\" src=\"http:\/\/www.editiondaslabor.de\/blog\/wp-content\/uploads\/2013\/07\/220px-Bazon_Brock_-_Der_Tod_muss_abgeschafft_werden_-_Pra\u0308geschild_in_Berlin_Hackesche_Ho\u0308fe.jpg\" alt=\"\" width=\"220\" height=\"158\" \/><\/a><p id=\"caption-attachment-16839\" class=\"wp-caption-text\">Zitat von Bazon Brock auf einem Schild in einem Berliner Hinterhof, Photo von Johann H. Addicks<\/p><\/div>\n<p style=\"text-align: justify;\"><strong>Weiterf\u00fchrend \u2192<\/strong><\/p>\n<p style=\"text-align: justify;\">Zuvor betrachtete Stefan Oehm f\u00fcr KUNO Kuballs <a href=\"http:\/\/www.editiondaslabor.de\/blog\/?p=50277\">Lichtinstallation<\/a> <strong><em>res\u00b7o\u00b7nant<\/em><\/strong>. Lesen Sie im Rahmen der <i>public preposition\u00a0<\/i>ein\u00a0Gespr\u00e4ch zwischen Vanessa Joan M\u00fcller und Mischa Kuball \u00fcber <a href=\"http:\/\/www.editiondaslabor.de\/blog\/?p=33030\">\u00f6ffentliche Beziehungen<\/a>. Gleichfalls empfehlenswert das <a href=\"http:\/\/www.editiondaslabor.de\/blog\/?p=8632\">Ateliergespr\u00e4ch<\/a> von Prof. Dr. Matei Chihaia mit Mischa Kuball.<\/p>\n<p style=\"text-align: justify;\"><strong>\u2192 <\/strong>F\u00fcr das Projekt <em>Kollegengespr\u00e4che<\/em> hat A.J. Weigoni einen Austausch zwischen Schriftstellern angeregt. Auf KUNO ist diese Reihe wieder aufgelebt. Mit dem K\u00fcnstler Mischa Kuball teilt der Romancier den <em><a href=\"http:\/\/www.editiondaslabor.de\/blog\/2014\/10\/02\/dauerlaufen-und-durchhalten-ein-diskurs\/\">Dauerlauf<\/a><\/em>.<\/p>\n","protected":false},"excerpt":{"rendered":"<p>Nachdem der Kunstmarkt die Kunstkritik endg\u00fcltig \u00fcbernommen hat, retten sich marktlose K\u00fcnstler scharenweise in die Arme von Kultur und Religion. Damit geht die Prognose vom Ende der Kunst in Erf\u00fcllung. 600 Jahre Kampf um die Autonomie der Kunst werden unter&hellip;<\/p>\n<p class=\"more-link-p\"><a class=\"more-link\" href=\"http:\/\/www.editiondaslabor.de\/blog\/2013\/07\/19\/200-jahre-kunstreligion\/\">Read more &rarr;<\/a><\/p>\n","protected":false},"author":32,"featured_media":101176,"comment_status":"closed","ping_status":"open","sticky":false,"template":"","format":"standard","meta":{"footnotes":""},"categories":[1],"tags":[1287,49],"class_list":["post-16835","post","type-post","status-publish","format-standard","has-post-thumbnail","hentry","category-literatur","tag-bazon-brock","tag-mischa-kuball"],"_links":{"self":[{"href":"http:\/\/www.editiondaslabor.de\/blog\/wp-json\/wp\/v2\/posts\/16835","targetHints":{"allow":["GET"]}}],"collection":[{"href":"http:\/\/www.editiondaslabor.de\/blog\/wp-json\/wp\/v2\/posts"}],"about":[{"href":"http:\/\/www.editiondaslabor.de\/blog\/wp-json\/wp\/v2\/types\/post"}],"author":[{"embeddable":true,"href":"http:\/\/www.editiondaslabor.de\/blog\/wp-json\/wp\/v2\/users\/32"}],"replies":[{"embeddable":true,"href":"http:\/\/www.editiondaslabor.de\/blog\/wp-json\/wp\/v2\/comments?post=16835"}],"version-history":[{"count":2,"href":"http:\/\/www.editiondaslabor.de\/blog\/wp-json\/wp\/v2\/posts\/16835\/revisions"}],"predecessor-version":[{"id":102624,"href":"http:\/\/www.editiondaslabor.de\/blog\/wp-json\/wp\/v2\/posts\/16835\/revisions\/102624"}],"wp:featuredmedia":[{"embeddable":true,"href":"http:\/\/www.editiondaslabor.de\/blog\/wp-json\/wp\/v2\/media\/101176"}],"wp:attachment":[{"href":"http:\/\/www.editiondaslabor.de\/blog\/wp-json\/wp\/v2\/media?parent=16835"}],"wp:term":[{"taxonomy":"category","embeddable":true,"href":"http:\/\/www.editiondaslabor.de\/blog\/wp-json\/wp\/v2\/categories?post=16835"},{"taxonomy":"post_tag","embeddable":true,"href":"http:\/\/www.editiondaslabor.de\/blog\/wp-json\/wp\/v2\/tags?post=16835"}],"curies":[{"name":"wp","href":"https:\/\/api.w.org\/{rel}","templated":true}]}}