{"id":16715,"date":"2013-07-31T00:38:20","date_gmt":"2013-07-30T22:38:20","guid":{"rendered":"http:\/\/www.editiondaslabor.de\/blog\/?p=16715"},"modified":"2013-07-12T17:40:58","modified_gmt":"2013-07-12T15:40:58","slug":"diesen-leib","status":"publish","type":"post","link":"http:\/\/www.editiondaslabor.de\/blog\/2013\/07\/31\/diesen-leib\/","title":{"rendered":"diesen leib"},"content":{"rendered":"<p style=\"text-align: right;\"><span style=\"color: #888888;\">(zu caravaggio,<em> hl. hieronymus, <\/em>1624)<\/span><\/p>\n<p>&nbsp;<\/p>\n<p style=\"text-align: left;\">der r\u00f6mer fasst ihn schmucklos<\/p>\n<p>diesen leib archaischer tempel<\/p>\n<p>des geistes umgeben von<\/p>\n<p>altem pergament \u00fcbersetzt er<\/p>\n<p>die griechische schrift<\/p>\n<p>die bibel ins lateinische<\/p>\n<p>vulgata umfangen von<\/p>\n<p>w\u00f6rtern bis auf die knochen<\/p>\n<p>die buchstaben geh\u00e4utet<\/p>\n<p>von der schw\u00e4chelnden hand<\/p>\n<p>unerm\u00fcdlich kratzt die feder<\/p>\n<p>nach junger wahrheit<\/p>\n<p>palimpsest schicht f\u00fcr schicht<\/p>\n<p>freigelegt der unergr\u00fcndliche grund<\/p>\n<p><em>der geist gottes schwebte \u00fcber den wassern<\/em><\/p>\n<p>und er \u00fcbersetzend<\/p>\n<p>von seiner haut in jenseitiges geh\u00e4use<\/p>\n<p>&nbsp;<\/p>\n","protected":false},"excerpt":{"rendered":"<p>(zu caravaggio, hl. hieronymus, 1624) &nbsp; der r\u00f6mer fasst ihn schmucklos diesen leib archaischer tempel des geistes umgeben von altem pergament \u00fcbersetzt er die griechische schrift die bibel ins lateinische vulgata umfangen von w\u00f6rtern bis auf die knochen die buchstaben&hellip;<\/p>\n<p class=\"more-link-p\"><a class=\"more-link\" href=\"http:\/\/www.editiondaslabor.de\/blog\/2013\/07\/31\/diesen-leib\/\">Read more &rarr;<\/a><\/p>\n","protected":false},"author":103,"featured_media":0,"comment_status":"closed","ping_status":"open","sticky":false,"template":"","format":"standard","meta":{"footnotes":""},"categories":[1],"tags":[1238],"class_list":["post-16715","post","type-post","status-publish","format-standard","hentry","category-literatur","tag-gabriele-frings"],"_links":{"self":[{"href":"http:\/\/www.editiondaslabor.de\/blog\/wp-json\/wp\/v2\/posts\/16715","targetHints":{"allow":["GET"]}}],"collection":[{"href":"http:\/\/www.editiondaslabor.de\/blog\/wp-json\/wp\/v2\/posts"}],"about":[{"href":"http:\/\/www.editiondaslabor.de\/blog\/wp-json\/wp\/v2\/types\/post"}],"author":[{"embeddable":true,"href":"http:\/\/www.editiondaslabor.de\/blog\/wp-json\/wp\/v2\/users\/103"}],"replies":[{"embeddable":true,"href":"http:\/\/www.editiondaslabor.de\/blog\/wp-json\/wp\/v2\/comments?post=16715"}],"version-history":[{"count":0,"href":"http:\/\/www.editiondaslabor.de\/blog\/wp-json\/wp\/v2\/posts\/16715\/revisions"}],"wp:attachment":[{"href":"http:\/\/www.editiondaslabor.de\/blog\/wp-json\/wp\/v2\/media?parent=16715"}],"wp:term":[{"taxonomy":"category","embeddable":true,"href":"http:\/\/www.editiondaslabor.de\/blog\/wp-json\/wp\/v2\/categories?post=16715"},{"taxonomy":"post_tag","embeddable":true,"href":"http:\/\/www.editiondaslabor.de\/blog\/wp-json\/wp\/v2\/tags?post=16715"}],"curies":[{"name":"wp","href":"https:\/\/api.w.org\/{rel}","templated":true}]}}